{"id":51083,"date":"2024-03-12T15:43:16","date_gmt":"2024-03-12T14:43:16","guid":{"rendered":"https:\/\/ticker-noticiasep.microcontenidos.com\/NoticiaRSS.vbhtml?user=XRNR562DLR&amp;cod=20240312154316"},"modified":"2024-03-12T15:43:16","modified_gmt":"2024-03-12T14:43:16","slug":"merica-estara-en-alimentaria-2024-la-feria-internacional-de-alimentos-y-bebidas-mas-importante-de-europa","status":"publish","type":"post","link":"https:\/\/webciudadana.net\/?p=51083","title":{"rendered":"M\u00e9rica, estar\u00e1 en Alimentaria 2024, la Feria Internacional de alimentos y bebidas m\u00e1s importante de Europa"},"content":{"rendered":"\n<div><img decoding=\"async\" src=\"\/wp-content\/uploads\/sites\/2\/2024\/03\/merica-estara-en-alimentaria-2024-la-feria-internacional-de-alimentos-y-bebidas-mas-importante-de-europa.jpg\" class=\"ff-og-image-inserted\"><\/div>\n<p>(Informaci\u00f3n remitida por la empresa firmante)<\/p>\n<p>\nB\u00e1rcelona, 12 de marzo<\/p>\n<p>\nM\u00e9rica estar\u00e1 presente en la Feria Alimentaria 2024, que se llevar\u00e1 a cabo del 18 al 21 de marzo en la Fira Barcelona. La compa\u00f1\u00eda presentar\u00e1 su amplia oferta de marcas y productos, as\u00ed como todas las novedades para este a\u00f1o como las pulpas y el caf\u00e9<\/p>\n<p>\nM\u00e9rica estar\u00e1 presente en la Feria Alimentaria 2024, que se llevar\u00e1 a cabo del 18 al 21 de marzo en la Fira Barcelona, uno de los eventos m\u00e1s destacados en el calendario internacional de la industria de alimentos y bebidas. La compa\u00f1\u00eda presentar\u00e1 su amplia oferta de marcas y productos, junto con las \u00faltimas novedades de este a\u00f1o, que incluyen las exquisitas pulpas de frutas y su selecto caf\u00e9 colombiano.<\/p>\n<p> La participaci\u00f3n de M\u00e9rica, compa\u00f1\u00eda que hoy hace parte del sector de bebidas y alimentos de la Organizaci\u00f3n Ardila L\u00fclle, el cual se denomina administrativamente Grupo Lux, representa una oportunidad excepcional para presentar su diversa cartera de productos a un p\u00fablico internacional.<\/p>\n<p> \u00abEs una decisi\u00f3n estrat\u00e9gica para M\u00e9rica participar en Alimentaria 2024 como parte del Grupo Lux. Esta feria es una plataforma importante para mostrar nuestro compromiso con la innovaci\u00f3n, la calidad y la excelencia en la industria de alimentos y bebidas. Estamos entusiasmados por presentar nuestras marcas y establecer nuevas relaciones comerciales durante el evento\u00bb, afirm\u00f3 F\u00e9lix Acaso, director Comercial de M\u00e9rica.<\/p>\n<p> La Feria Alimentaria es uno de los eventos m\u00e1s importantes del sector alimentario a nivel mundial, reconocida por atraer a miles de profesionales y empresas l\u00edderes en la industria alimentaria de todo el mundo. La participaci\u00f3n de M\u00e9rica promete ser un punto destacado en el evento, con su enfoque en la calidad, la autenticidad y la diversidad de sus productos.<\/p>\n<p> Adem\u00e1s de exhibir sus productos de alta calidad, el p\u00fablico que visite su stand C 350 situado en el Pabell\u00f3n 2 nivel 0 podr\u00e1 disfrutar de sus deliciosas pulpas de frutas y el exquisito caf\u00e9 colombiano durante las cuatro jornadas del evento.<\/p>\n<p> Contacto<\/p>\n<p>\nNombre contacto: Alejandra Espinosa<\/p>\n<p>\nDescripci\u00f3n contacto: M\u00e9rica \/ Marketing<\/p>\n<p>\nTel\u00e9fono de contacto: +34692269896<\/p>\n","protected":false},"excerpt":{"rendered":"<p>(Informaci\u00f3n remitida por la empresa firmante) B\u00e1rcelona, 12 de marzo M\u00e9rica estar\u00e1 presente en la Feria Alimentaria 2024, que se llevar\u00e1 a cabo del 18 al 21 de marzo en la Fira Barcelona. La compa\u00f1\u00eda presentar\u00e1 su amplia oferta de marcas y productos, as\u00ed como todas las novedades para este a\u00f1o como las pulpas y [&hellip;]<\/p>\n","protected":false},"author":1,"featured_media":0,"comment_status":"closed","ping_status":"closed","sticky":false,"template":"","format":"standard","meta":{"footnotes":""},"categories":[],"tags":[],"class_list":["post-51083","post","type-post","status-publish","format-standard","hentry"],"_links":{"self":[{"href":"https:\/\/webciudadana.net\/index.php?rest_route=\/wp\/v2\/posts\/51083","targetHints":{"allow":["GET"]}}],"collection":[{"href":"https:\/\/webciudadana.net\/index.php?rest_route=\/wp\/v2\/posts"}],"about":[{"href":"https:\/\/webciudadana.net\/index.php?rest_route=\/wp\/v2\/types\/post"}],"author":[{"embeddable":true,"href":"https:\/\/webciudadana.net\/index.php?rest_route=\/wp\/v2\/users\/1"}],"replies":[{"embeddable":true,"href":"https:\/\/webciudadana.net\/index.php?rest_route=%2Fwp%2Fv2%2Fcomments&post=51083"}],"version-history":[{"count":0,"href":"https:\/\/webciudadana.net\/index.php?rest_route=\/wp\/v2\/posts\/51083\/revisions"}],"wp:attachment":[{"href":"https:\/\/webciudadana.net\/index.php?rest_route=%2Fwp%2Fv2%2Fmedia&parent=51083"}],"wp:term":[{"taxonomy":"category","embeddable":true,"href":"https:\/\/webciudadana.net\/index.php?rest_route=%2Fwp%2Fv2%2Fcategories&post=51083"},{"taxonomy":"post_tag","embeddable":true,"href":"https:\/\/webciudadana.net\/index.php?rest_route=%2Fwp%2Fv2%2Ftags&post=51083"}],"curies":[{"name":"wp","href":"https:\/\/api.w.org\/{rel}","templated":true}]}}