{"id":51085,"date":"2024-03-12T16:41:11","date_gmt":"2024-03-12T15:41:11","guid":{"rendered":"https:\/\/ticker-noticiasep.microcontenidos.com\/NoticiaRSS.vbhtml?user=XRNR562DLR&amp;cod=20240312164111"},"modified":"2024-03-12T16:41:11","modified_gmt":"2024-03-12T15:41:11","slug":"un-estreno-de-realidad-virtual-para-alfabetizar-emocionalmente-al-espectador-anima-performativa","status":"publish","type":"post","link":"https:\/\/webciudadana.net\/?p=51085","title":{"rendered":"Un estreno de realidad virtual para alfabetizar emocionalmente al espectador, &#8216;\u00c0nima Performativa&#8217;"},"content":{"rendered":"\n<div><img decoding=\"async\" src=\"\/wp-content\/uploads\/sites\/2\/2024\/03\/un-estreno-de-realidad-virtual-para-alfabetizar-emocionalmente-al-espectador-anima-performativa.jpg\" class=\"ff-og-image-inserted\"><\/div>\n<p>(Informaci\u00f3n remitida por la empresa firmante)<\/p>\n<p> Madrid, 12 de Marzo de 2024.- Este 16 de marzo se estrena a nivel Internacional la pel\u00edcula de realidad virtual \u00c0nima Performativa de Jeroni Obrador, estar\u00e1 enmarcado en el acto &#8216;\u00c0nima extensiva&#8217; en catal\u00e1n, que incluye el uso de gafas de realidad virtual de 10.00 h a 14.00 h y, a las 11.30 h, tendr\u00e1 lugar la conferencia sobre realidad virtual, esc\u00e9nica y emocional, impartida por Obrador y el director de cine Jo Sol. Ser\u00e1 en el reci\u00e9n estrenado espacio s*Abeurador de Santany\u00ed, Mallorca. Un espacio multifuncional al que asiste el espectador presencialmente y en el que puede conectarse el resto del mundo tanto por streaming, con el que se podr\u00e1 seguir la conferencia en el canal de Intelsoul, como a trav\u00e9s de la realidad virtual.<\/p>\n<p> Un acto patrocinado por Ajuntament de Santany\u00ed, en el que colabora la Generalitat de Catalunya en la producci\u00f3n de la pel\u00edcula \u00c0nima Performativa, que se visualizar\u00e1 con gafas de realidad virtual. La duraci\u00f3n de la pel\u00edcula es de 40 minutos y podr\u00e1 ser visualizada tambi\u00e9n en c\u00e1psulas de unos 5 minutos por cada emoci\u00f3n b\u00e1sica. En la conferencia, se expondr\u00e1 el momento al que se enfrenta la sociedad con la llegada de la Inteligencia Artificial, as\u00ed como la Realidad extensiva, en sus variantes inmmersiva, mixta, diferenciada, virtual* se pretende debatir la urgencia en democratizar el conocimiento actoral de las emociones desde su pedagog\u00eda. Y es que el creador plantea a trav\u00e9s de la performance y la t\u00e9cnica actoral en la pel\u00edcula, al igual que en su g\u00e9nero teatral \u00c0nima, si alguien ense\u00f1\u00f3 a \u00abescribir\u00bb y a memorizar las emociones, hecho indispensable para la comunicaci\u00f3n consciente, para \u00ableerse\u00bb a uno mismo y a los dem\u00e1s. Pero sobre todo para ganar el terreno necesario a la Inteligencia Artificial, que s\u00ed es capaz de hacerlo.<\/p>\n<p> \u00c0nima es el g\u00e9nero teatral que permite al espectador aprender la t\u00e9cnica actoral pedag\u00f3gica de la emoci\u00f3n, investigada por Obrador, y a su vez disfrutar de un espect\u00e1culo:<\/p>\n<p> \u00abDe peque\u00f1os nos ense\u00f1an a escribir el abecedario una vez ya hemos aprendido a hablar, pero con las emociones nadie nos ense\u00f1a a memorizar, y tomar conciencia de ellas, para utilizarlas en nuestro d\u00eda a d\u00eda y nuestra comunicaci\u00f3n, as\u00ed no hay conciencia de las emociones como lenguaje, ni sofisticaci\u00f3n posible desde la decisi\u00f3n de escoger el sentir. Es como si fu\u00e9semos unos analfabetos emocionales, solo los int\u00e9rpretes han basado todos estos milenios su trabajo en la capacidad de representar y forzar la expresi\u00f3n emocional, pero tampoco lo han hecho desde el proceso, sino desde el resultado, no ha importado crear un proceso pedag\u00f3gico de la emoci\u00f3n, hecho que muchas veces ha provocado problemas de salud mental o los ha aumentado, por ejemplo como el caso de Heath Ledger con el Jocker, o como han reconocido actrices de la talla de Anne Hethaway o Jane Fonda\u00bb, expresa Jeroni Obrador.<\/p>\n<p> \u00c0nima Performativa es la primera pel\u00edcula de realidad virtual con actores y de estas caracter\u00edsticas a nivel mundial. Creada por un Balear, podr\u00e1 estrenarse en su pueblo, Santany\u00ed, y podr\u00e1 comprarse en las plataformas internacionales de realidad virtual a partir de junio, tambi\u00e9n en castellano e ingl\u00e9s. Durante la semana del 17 al 25 de marzo el creador estar\u00e1 en Nau Ivanow, Barcelona, d\u00f3nde se podr\u00e1 visualizar la pel\u00edcula con gafas por actores y profesionales del sector esc\u00e9nico, para abrir as\u00ed una investigaci\u00f3n sobre la necesidad de la memoria emocional corporal actoral, como herramienta indispensable de la comunicaci\u00f3n humana y la autogesti\u00f3n emocional.<\/p>\n<p> Obrador ya ha sido reconocido internacionalmente tanto por universidades, instituciones culturales, como por festivales de Latinoam\u00e9rica, teatros y circuitos. Su labor en la pedagog\u00eda de la emoci\u00f3n mediante la t\u00e9cnica actoral y la creaci\u00f3n del g\u00e9nero teatral \u00c0nima, de entrenamiento emocional para todos los p\u00fablicos, despunta ya como pionera en el campo de la escena y ahora tambi\u00e9n de la realidad virtual.<\/p>\n<p> Su m\u00e9todo ha sido avalado y apoyado por el Teatre Lliure de Barcelona en su Directors Lab Med, el Festival de Manizales y la Universidad de Buenos Aires, as\u00ed como apoyado por diversas instituciones nacionales e internacionales, como la ESAD de Sevilla, el Ministerio de Cultura de Uruguay o el mismo Consell de Mallorca que apoya este g\u00e9nero teatral en el Circuito de Artes Esc\u00e9nicas de Mallorca. Este g\u00e9nero est\u00e1 dando mucho que hablar desde que naci\u00f3 en pandemia en un taller en el teatro de Petra y se represent\u00f3 en el Palau de Congresos de Palma de Mallorca, ya que Festivales Internacionales como el Santiago Off de Chile, el Br\u00fajula al Sur de Cali en Colombia, o el centro de residencias La Parisina junto a la Universidad de Maria en C\u00f3rdoba, Argentina, promueven su representaci\u00f3n en Latinoam\u00e9rica con diversos montajes con actores profesionales, estudiantes, o usuarios de salud mental; siendo de aplicaci\u00f3n para actores, terapeutas y educadores de todo el mundo como una nueva ense\u00f1anza b\u00e1sica de las emociones.<\/p>\n<p> \u00abNo podemos consentir que la Inteligencia Artifical se apodere de un conocimiento que nos afecta a todos en lo m\u00e1s b\u00e1sico de nuestro ser sin conocerlo toda la sociedad\u00bb, afirma Obrador. \u00abTomar conciencia del abecedario emocional es el principio de una nueva perspectiva que va a permitir al espectador a entenderse a s\u00ed mismo, autoanalizar su car\u00e1cter y comprender mejor el sentir de los dem\u00e1s; el salto en inteligencia emocional es asegurado y vivencial\u00bb.<\/p>\n<p> Ficha art\u00edstica<\/p>\n<p> El actor de \u00c0nima Performativa es Xavi Torra, reconocido en la escena nacional por su trabajo con la compa\u00f1\u00eda emergente \u00abProjecte Injenu\u00bb de la que forma parte desde su creaci\u00f3n y que ha trabajado vivencialmente la investigaci\u00f3n emocional de Jeroni Obrador, en el centro de residencias de Sa Talaia en Santany\u00ed.<\/p>\n<p> El compositor de la m\u00fasica es Adri\u00e0 Acker. Quien ha compuesto siete temas musicales para las performances emocionales de la pel\u00edcula.<\/p>\n<p> La responsable de montaje la conocida realizadora Afra Rigamonti de Shakttimetta produccions, encargada a su vez de la producci\u00f3n t\u00e9cnica.<\/p>\n<p> Y la direcci\u00f3n y guion corren a cargo de Jeroni Obrador, asesorado en la t\u00e9cnica audiovisual por Joan Vidal.<\/p>\n<p> La producci\u00f3n corre a cargo de Tshock Cultura Emocional e Intelsoul.<\/p>\n<p> Emisor: TSHOCK culturaemocional <\/p>\n<p> Contacto<\/p>\n<p> Contacto: Gabinete Period\u00edstico<\/p>\n<p> Email de contacto: comunicados@prensaymedios.com <\/p>\n","protected":false},"excerpt":{"rendered":"<p>(Informaci\u00f3n remitida por la empresa firmante) Madrid, 12 de Marzo de 2024.- Este 16 de marzo se estrena a nivel Internacional la pel\u00edcula de realidad virtual \u00c0nima Performativa de Jeroni Obrador, estar\u00e1 enmarcado en el acto &#8216;\u00c0nima extensiva&#8217; en catal\u00e1n, que incluye el uso de gafas de realidad virtual de 10.00 h a 14.00 h [&hellip;]<\/p>\n","protected":false},"author":1,"featured_media":0,"comment_status":"closed","ping_status":"closed","sticky":false,"template":"","format":"standard","meta":{"footnotes":""},"categories":[],"tags":[],"class_list":["post-51085","post","type-post","status-publish","format-standard","hentry"],"_links":{"self":[{"href":"https:\/\/webciudadana.net\/index.php?rest_route=\/wp\/v2\/posts\/51085","targetHints":{"allow":["GET"]}}],"collection":[{"href":"https:\/\/webciudadana.net\/index.php?rest_route=\/wp\/v2\/posts"}],"about":[{"href":"https:\/\/webciudadana.net\/index.php?rest_route=\/wp\/v2\/types\/post"}],"author":[{"embeddable":true,"href":"https:\/\/webciudadana.net\/index.php?rest_route=\/wp\/v2\/users\/1"}],"replies":[{"embeddable":true,"href":"https:\/\/webciudadana.net\/index.php?rest_route=%2Fwp%2Fv2%2Fcomments&post=51085"}],"version-history":[{"count":0,"href":"https:\/\/webciudadana.net\/index.php?rest_route=\/wp\/v2\/posts\/51085\/revisions"}],"wp:attachment":[{"href":"https:\/\/webciudadana.net\/index.php?rest_route=%2Fwp%2Fv2%2Fmedia&parent=51085"}],"wp:term":[{"taxonomy":"category","embeddable":true,"href":"https:\/\/webciudadana.net\/index.php?rest_route=%2Fwp%2Fv2%2Fcategories&post=51085"},{"taxonomy":"post_tag","embeddable":true,"href":"https:\/\/webciudadana.net\/index.php?rest_route=%2Fwp%2Fv2%2Ftags&post=51085"}],"curies":[{"name":"wp","href":"https:\/\/api.w.org\/{rel}","templated":true}]}}