{"id":51090,"date":"2024-03-12T17:42:01","date_gmt":"2024-03-12T16:42:01","guid":{"rendered":"https:\/\/ticker-noticiasep.microcontenidos.com\/NoticiaRSS.vbhtml?user=XRNR562DLR&amp;cod=20240312174201"},"modified":"2024-03-12T17:42:01","modified_gmt":"2024-03-12T16:42:01","slug":"gran-canaria-traza-un-plan-para-alcanzar-la-agenda-2030-en-la-isla","status":"publish","type":"post","link":"https:\/\/webciudadana.net\/?p=51090","title":{"rendered":"Gran Canaria traza un plan para alcanzar la Agenda 2030 en la isla"},"content":{"rendered":"\n<div><img decoding=\"async\" src=\"\/wp-content\/uploads\/sites\/2\/2024\/03\/gran-canaria-traza-un-plan-para-alcanzar-la-agenda-2030-en-la-isla.jpg\" class=\"ff-og-image-inserted\"><\/div>\n<p>(Informaci\u00f3n remitida por la empresa firmante)<\/p>\n<p>\nLas Palmas de Gran Canaria, 12 de marzo<\/p>\n<p>\nINFECAR Feria de Gran Canaria re\u00fane a personas expertas y experiencias sobre pr\u00e1cticas para la consecuci\u00f3n de la Agenda 2030 en el I Simposio Ecoisla Gran Canaria 2030<\/p>\n<p>\nEl Cabildo de Gran Canaria abri\u00f3 en INFECAR Feria de Gran Canaria, el I Simposio Ecoisla Gran Canaria 2030 entre el 12 y el 15 de marzo. Este acto pretende ser un espacio de reflexi\u00f3n e intercambio sobre aspectos relevantes y pr\u00e1cticas posibles para el camino que debe recorrer Gran Canaria y Canarias para hacer realidad el ideal de Ecoisla, estrategia insular que est\u00e1 alineada con los Objetivos de Desarrollo Sostenible de la Agenda 2030.<\/p>\n<p> Con el aporte t\u00e9cnico de GESPLAN, el Simposio constar\u00e1 de cuatro jornadas de ponencias en INFECAR Feria de Gran Canaria, y dos talleres vespertinos que tendr\u00e1n lugar en la Sala Polivalente del Cabildo de Gran Canaria. El evento cuenta con personas expertas y experiencias de inter\u00e9s en el camino hacia la sostenibilidad social, econ\u00f3mica y ambiental, y que pretende generar un corpus de conocimiento para que la isla contin\u00fae el camino sostenible en todos los niveles.<\/p>\n<p> Con todo, este simposio incluir\u00e1 un espacio de reflexi\u00f3n sobre la Agenda 2030 a nivel estatal, con ponentes como Jos\u00e9 Correa Pernas, el especialista en comunicaci\u00f3n de la Agenda 2030, \u00d3scar Toro-Pe\u00f1a, o Jos\u00e9 Ram\u00f3n Sobr\u00f3n Perea, se expondr\u00e1n algunas experiencias como Barcelona (Jos\u00e9 \u00c1ngel Carcel\u00e9n Luj\u00e1n y Francisco Guti\u00e9rrez Marchena) o Vitoria (Beatriz Garc\u00eda-Monc\u00f3 Pi\u00f1eiro) y se abordar\u00e1 la estrategia canaria y grancanaria con David Padr\u00f3n Marrero, Irene Bello Quintana, Octavio Mederos Marrero, Johner Perdomo o Ana Moreno Mederos.<\/p>\n<p> El programa incluye dos talleres que tienen lugar esta tarde y ma\u00f1ana. El primero tiene que ver sobre la integraci\u00f3n de la Agenda 2030 en el territorio, comandado por Jos\u00e9 Correa Pernas y M\u00e1ximo Plo Seco, ambos pertenecientes a Sustainable Startup &amp; Co. Jhoner Perdomo lleva a cabo ma\u00f1ana el taller sobre indicadores de desarrollo sostenible relativo a la Agenda Canaria de Desarrollo Sostenible 2030. *<\/p>\n<p>\nEste d\u00eda 14 la Consejer\u00eda de Medio Ambiente del Cabildo de Gran Canaria junto a la C\u00e1mara de Comercio de Gran Canaria y la colaboraci\u00f3n de GESPLAN, impulsan el Foro de Empresas ODS y Agenda 2030, evento dirigido a empresas canarias en busca de sensibilizarlas en materia de sostenibilidad y la implementaci\u00f3n de la agenda global. Contar\u00e1 con un espacio dedicado a los casos de \u00e9xito de las empresas grancanarias.<\/p>\n<p> En el cierre del d\u00eda 15 se expondr\u00e1n una decena de iniciativas que se desarrollan en Gran Canaria y que atraviesan varios objetivos. Se habla de Gran Canaria Mosaico, estrategia insular de prevenci\u00f3n de incendios. La Jaira de Ana, granja-escuela educativa del municipio de Ag\u00fcimes; Escuelas de Lucha Canaria, que adentran a la infancia en el deporte vern\u00e1culo; Ruta del Vino de Gran Canaria, producto enotur\u00edstico de la isla; el proceso participativo en la Plaza de la Villa de Santa Br\u00edgida, que busca soluciones participativas para el mamotreto de Santa Br\u00edgida; la apuesta de SPAR Gran Canaria con el producto local y de kil\u00f3metro 0. Emplea Verde Gran Canaria de Foresta, plan de empleo y reforestaci\u00f3n de especies aut\u00f3ctonas.*La Comunidad Energ\u00e9tica de la Zona Industrial de Arinaga, soluci\u00f3n de energ\u00eda sostenible de los empresarios de la Zona Industrial de Arinaga; el diagn\u00f3stico de igualdad en el mundo de la cultura en Gran Canaria; y la cerveza Jaira Seaclouds, elaborada con agua de niebla.<\/p>\n<p> La informaci\u00f3n completa del simposio se puede consultar en la web ecoisla2030.org.<\/p>\n<p> Contacto<\/p>\n<p>\nNombre contacto: Ra\u00fal Vega<\/p>\n<p>\nDescripci\u00f3n contacto: Jefe de Comunicaci\u00f3n<\/p>\n<p>\nTel\u00e9fono de contacto: 928915133<\/p>\n","protected":false},"excerpt":{"rendered":"<p>(Informaci\u00f3n remitida por la empresa firmante) Las Palmas de Gran Canaria, 12 de marzo INFECAR Feria de Gran Canaria re\u00fane a personas expertas y experiencias sobre pr\u00e1cticas para la consecuci\u00f3n de la Agenda 2030 en el I Simposio Ecoisla Gran Canaria 2030 El Cabildo de Gran Canaria abri\u00f3 en INFECAR Feria de Gran Canaria, el [&hellip;]<\/p>\n","protected":false},"author":1,"featured_media":0,"comment_status":"closed","ping_status":"closed","sticky":false,"template":"","format":"standard","meta":{"footnotes":""},"categories":[],"tags":[],"class_list":["post-51090","post","type-post","status-publish","format-standard","hentry"],"_links":{"self":[{"href":"https:\/\/webciudadana.net\/index.php?rest_route=\/wp\/v2\/posts\/51090","targetHints":{"allow":["GET"]}}],"collection":[{"href":"https:\/\/webciudadana.net\/index.php?rest_route=\/wp\/v2\/posts"}],"about":[{"href":"https:\/\/webciudadana.net\/index.php?rest_route=\/wp\/v2\/types\/post"}],"author":[{"embeddable":true,"href":"https:\/\/webciudadana.net\/index.php?rest_route=\/wp\/v2\/users\/1"}],"replies":[{"embeddable":true,"href":"https:\/\/webciudadana.net\/index.php?rest_route=%2Fwp%2Fv2%2Fcomments&post=51090"}],"version-history":[{"count":0,"href":"https:\/\/webciudadana.net\/index.php?rest_route=\/wp\/v2\/posts\/51090\/revisions"}],"wp:attachment":[{"href":"https:\/\/webciudadana.net\/index.php?rest_route=%2Fwp%2Fv2%2Fmedia&parent=51090"}],"wp:term":[{"taxonomy":"category","embeddable":true,"href":"https:\/\/webciudadana.net\/index.php?rest_route=%2Fwp%2Fv2%2Fcategories&post=51090"},{"taxonomy":"post_tag","embeddable":true,"href":"https:\/\/webciudadana.net\/index.php?rest_route=%2Fwp%2Fv2%2Ftags&post=51090"}],"curies":[{"name":"wp","href":"https:\/\/api.w.org\/{rel}","templated":true}]}}