{"id":51096,"date":"2024-03-13T09:18:50","date_gmt":"2024-03-13T08:18:50","guid":{"rendered":"https:\/\/ticker-noticiasep.microcontenidos.com\/NoticiaRSS.vbhtml?user=XRNR562DLR&amp;cod=20240313091850"},"modified":"2024-03-13T09:18:50","modified_gmt":"2024-03-13T08:18:50","slug":"regalos-harper-neyer-para-un-padre-mas-atractivo","status":"publish","type":"post","link":"https:\/\/webciudadana.net\/?p=51096","title":{"rendered":"Regalos Harper &amp; Neyer para un padre m\u00e1s atractivo"},"content":{"rendered":"\n<div><img decoding=\"async\" src=\"\/wp-content\/uploads\/sites\/2\/2024\/03\/regalos-harper-neyer-para-un-padre-mas-atractivo.jpg\" class=\"ff-og-image-inserted\"><\/div>\n<p>(Informaci\u00f3n remitida por la empresa firmante)<\/p>\n<p>\nBajo la premisa de vestir a los padres m\u00e1s atractivos y elegantes, Harper &amp; Neyer presenta su campa\u00f1a para el D\u00eda del Padre. En esta temporada, la firma reinventa algunas de sus prendas m\u00e1s ic\u00f3nicas<\/p>\n<p>\nM\u00e1laga, 13 de marzo de 2024.- Harper &amp; Neyer abre su tienda de regalos para el D\u00eda del Padre con un cat\u00e1logo exquisito. Las sudaderas son siempre un bestseller, as\u00ed que son un acierto seguro para regalar. Sin embargo, en la colecci\u00f3n SS24, se encuentra todo tipo de variedad de prendas que gustar\u00edan a cualquier padre.<\/p>\n<p> Harper &amp; Neyer contin\u00faa su campa\u00f1a SS24 con el lanzamiento de su colecci\u00f3n n\u00e1utica. Inspirada en el ambiente mar\u00edtimo de Newport, un universo que mezcla la elegancia costera y el estilo deportivo casual, la marca presenta la mejor selecci\u00f3n de regalos.<\/p>\n<p> Sudaderas como Vermont adquieren esos tonos azulados en pastel que Harper &amp; Neyer resalta como tendencia de la temporada. Adem\u00e1s, la selecci\u00f3n de prendas se llena de detalles mar\u00edtimos como los embroideries n\u00e1uticos o los tejidos impermeables.<\/p>\n<p> Dentro del cat\u00e1logo, hay una especial dedicaci\u00f3n a las prendas de abrigo. Adem\u00e1s de los chubasqueros como estrella principal de la colecci\u00f3n Saylor, se pueden encontrar sobrecamisas de inspiraci\u00f3n n\u00e1utica y hasta un cortavientos enrollable.<\/p>\n<p> El D\u00eda del Padre ofrece la ocasi\u00f3n perfecta para el lanzamiento de esta colecci\u00f3n que demuestra la atemporalidad de su estilo preppy. As\u00ed es como Harper &amp; Neyer presenta la mejor opci\u00f3n para regalar esta temporada a aquellos padres que no renuncian a su estilo y elegancia.<\/p>\n<p> Todo el cat\u00e1logo para encontrar el regalo perfecto para el D\u00eda del Padre ya est\u00e1 disponible en la web de Harper &amp; Neyer, adem\u00e1s de en sus canales de venta oficiales.<\/p>\n<p> Es muy probable que cuando Harper &amp; Neyer lanz\u00f3 al mundo su primera colecci\u00f3n hace ya una d\u00e9cada, ni se imaginaba la repercusi\u00f3n que tendr\u00edan en la cultura contempor\u00e1nea. Un prop\u00f3sito en mente y 10 a\u00f1os m\u00e1s tarde, el estilo preppy de la marca ya es un signo de elegancia en la actualidad.<\/p>\n<p> Contacto<\/p>\n<p>\nNombre contacto: Redacci\u00f3n Harper &amp; Neyer<\/p>\n<p>\nDescripci\u00f3n contacto: Harper &amp; Neyer<\/p>\n<p>\nTel\u00e9fono de contacto: 663 28 97 07<\/p>\n","protected":false},"excerpt":{"rendered":"<p>(Informaci\u00f3n remitida por la empresa firmante) Bajo la premisa de vestir a los padres m\u00e1s atractivos y elegantes, Harper &amp; Neyer presenta su campa\u00f1a para el D\u00eda del Padre. En esta temporada, la firma reinventa algunas de sus prendas m\u00e1s ic\u00f3nicas M\u00e1laga, 13 de marzo de 2024.- Harper &amp; Neyer abre su tienda de regalos [&hellip;]<\/p>\n","protected":false},"author":1,"featured_media":0,"comment_status":"closed","ping_status":"closed","sticky":false,"template":"","format":"standard","meta":{"footnotes":""},"categories":[],"tags":[],"class_list":["post-51096","post","type-post","status-publish","format-standard","hentry"],"_links":{"self":[{"href":"https:\/\/webciudadana.net\/index.php?rest_route=\/wp\/v2\/posts\/51096","targetHints":{"allow":["GET"]}}],"collection":[{"href":"https:\/\/webciudadana.net\/index.php?rest_route=\/wp\/v2\/posts"}],"about":[{"href":"https:\/\/webciudadana.net\/index.php?rest_route=\/wp\/v2\/types\/post"}],"author":[{"embeddable":true,"href":"https:\/\/webciudadana.net\/index.php?rest_route=\/wp\/v2\/users\/1"}],"replies":[{"embeddable":true,"href":"https:\/\/webciudadana.net\/index.php?rest_route=%2Fwp%2Fv2%2Fcomments&post=51096"}],"version-history":[{"count":0,"href":"https:\/\/webciudadana.net\/index.php?rest_route=\/wp\/v2\/posts\/51096\/revisions"}],"wp:attachment":[{"href":"https:\/\/webciudadana.net\/index.php?rest_route=%2Fwp%2Fv2%2Fmedia&parent=51096"}],"wp:term":[{"taxonomy":"category","embeddable":true,"href":"https:\/\/webciudadana.net\/index.php?rest_route=%2Fwp%2Fv2%2Fcategories&post=51096"},{"taxonomy":"post_tag","embeddable":true,"href":"https:\/\/webciudadana.net\/index.php?rest_route=%2Fwp%2Fv2%2Ftags&post=51096"}],"curies":[{"name":"wp","href":"https:\/\/api.w.org\/{rel}","templated":true}]}}