{"id":51097,"date":"2024-03-13T09:41:16","date_gmt":"2024-03-13T08:41:16","guid":{"rendered":"https:\/\/ticker-noticiasep.microcontenidos.com\/NoticiaRSS.vbhtml?user=XRNR562DLR&amp;cod=20240313094116"},"modified":"2024-03-13T09:41:16","modified_gmt":"2024-03-13T08:41:16","slug":"salud-confesq-y-cocemfe-solicitan-incluir-fibromialgia-y-encefalomielitis-mialgica-para-jubilacion-anticipada","status":"publish","type":"post","link":"https:\/\/webciudadana.net\/?p=51097","title":{"rendered":"Salud: Confesq y COCEMFE solicitan incluir fibromialgia y encefalomielitis mi\u00e1lgica para jubilaci\u00f3n anticipada"},"content":{"rendered":"\n<div><img decoding=\"async\" src=\"\/wp-content\/uploads\/sites\/2\/2024\/03\/salud-confesq-y-cocemfe-solicitan-incluir-fibromialgia-y-encefalomielitis-mialgica-para-jubilacion-anticipada.jpg\" class=\"ff-og-image-inserted\"><\/div>\n<p>(Informaci\u00f3n remitida por la empresa firmante)<\/p>\n<p>\nLas organizaciones CONFESQ y COCEMFE solicitan la inclusi\u00f3n de la fibromialgia y la encefalomielitis mi\u00e1lgica en la lista de enfermedades para la jubilaci\u00f3n anticipada con un 45% o m\u00e1s de discapacidad. Argumentan que estas patolog\u00edas, que suelen llevar a las personas afectadas a abandonar prematuramente sus trabajos, se traducen en una disminuci\u00f3n de la esperanza de vida y una mala calidad de vida debido a la acumulaci\u00f3n de comorbilidades<\/p>\n<p>\nEspa\u00f1a, 13 de marzo de 2024.- La Confederaci\u00f3n Espa\u00f1ola de Personas con Discapacidad F\u00edsica y Org\u00e1nica (COCEMFE) junto a la Coalici\u00f3n Nacional de Entidades de fibromialgia, encefalomielitis mi\u00e1lgica, sensibilidad qu\u00edmica m\u00faltiple y electrosensibilidad (CONFESQ), solicitan al Ministerio de Inclusi\u00f3n, Seguridad Social y Migraciones la inclusi\u00f3n de once nuevas patolog\u00edas dentro de la lista de enfermedades que permiten el acceso a la jubilaci\u00f3n anticipada para trabajadores y trabajadoras con un grado de discapacidad del 45% o superior.<\/p>\n<p>\n*<\/p>\n<p>\n*En este contexto se encuentran enfermedades como la fibromialgia o la encefalomielitis mi\u00e1lgica que, siguiendo evidencia cient\u00edfica, han demostrado tener una reducci\u00f3n importante en la esperanza de vida de quienes las padecen, as\u00ed como un impacto en la calidad de vida y la capacidad laboral. Aspectos que respaldan su inclusi\u00f3n en la lista.<\/p>\n<p>\n*<\/p>\n<p>\n*Adem\u00e1s de la fibromialgia y la encefalomielitis mi\u00e1lgica, COCEMFE propone la inclusi\u00f3n de la enfermedad de Parkinson, el lupus eritematoso sist\u00e9mico, la artritis reumatoide, espina b\u00edfida, enfermedad de Steinert, enfermedad de Huntington, enfermedad de Andrade, inmunodeficiencias primarias y esclerodermia.<\/p>\n<p>\n*<\/p>\n<p>\n*El presidente de COCEMFE, Anxo Queiruga, considera que \u00abla jubilaci\u00f3n anticipada es para muchas personas con discapacidad un paso imprescindible para su salud y bienestar, que responde a la necesidad de igualar la transici\u00f3n hacia la jubilaci\u00f3n ante situaciones espec\u00edficas relacionadas con la reducci\u00f3n de la esperanza de vida de las personas con ciertas patolog\u00edas, las dificultades para acceder y mantener un empleo que afrontan muchas personas de este grupo social y la importancia de disponer de recursos econ\u00f3micos suficientes ante el sobrecoste que supone tener una discapacidad\u00bb.<\/p>\n<p>\n*<\/p>\n<p>\n*Desde CONFESQ argumentan que muchas de las afectadas por fibromialgia o encefalomielitis mi\u00e1lgica, en su mayor\u00eda mujeres, deben abandonar su empleo sin ning\u00fan derecho dado a la incapacidad laboral generada por estas patolog\u00edas. Mar\u00eda L\u00f3pez Matallana, presidenta de CONFESQ, reforz\u00f3 esta posici\u00f3n alegando que \u00abla opci\u00f3n de acceder a una jubilaci\u00f3n anticipada permitir\u00eda estabilizar su calidad de vida y su situaci\u00f3n econ\u00f3mica sin necesidad de mantener largos litigios contra el Instituto Nacional de la Seguridad Social (INSS) en la solicitud de una incapacidad laboral, o de renunciar a todos sus derechos adquiridos como trabajadoras al no poder mantener su actividad laboral\u00bb.<\/p>\n<p>\n*<\/p>\n<p>\n*Las entidades piden la pronta creaci\u00f3n de una comisi\u00f3n t\u00e9cnica que se encargar\u00e1 de proponer e incorporar las nuevas patolog\u00edas para garantizar la objetividad del proceso. Tambi\u00e9n reclaman al Ministerio que el movimiento asociativo de la discapacidad forme parte de esa comisi\u00f3n, con el objetivo de preparar la redacci\u00f3n de la Orden Ministerial que debe culminar la actualizaci\u00f3n del listado vigente.<\/p>\n<p> La Coalici\u00f3n Nacional de Entidades de Fibromialgia, Encefalomielitis MI\u00e1lgica \/SFC, Sensibilidad Qu\u00edmica M\u00faltiple y Electohipersensiblidad (CONFESQ), es una asociaci\u00f3n sin \u00e1nimo de lucro, fundada en 2004 y que en 2018 asume las 4 enfermedades que representa actualmente. CONFESQ est\u00e1 formada por 65 Asociaciones y Federaciones distribuidas en la mayor\u00eda de las Comunidades Aut\u00f3nomas del Estado Espa\u00f1ol, representando a m\u00e1s de 11.000 personas afectadas por estas enfermedades y a sus familias de forma directa (un 80% aprox. Mujeres).<\/p>\n<p> La Confederaci\u00f3n Espa\u00f1ola de Personas con Discapacidad F\u00edsica y Org\u00e1nica (COCEMFE) es una ONG sin \u00e1nimo de lucro constituida en 1980. Su prop\u00f3sito es conseguir una sociedad inclusiva que garantice el ejercicio pleno de los derechos de las personas con discapacidad f\u00edsica y org\u00e1nica. Coordina, representa e impulsa al Movimiento Asociativo de personas con discapacidad f\u00edsica y org\u00e1nica en Espa\u00f1a, formado por 93 entidades estatales, auton\u00f3micas y provinciales, que a su vez representan a m\u00e1s de dos millones y medio de personas con discapacidad y aglutinan a m\u00e1s de 1.600 asociaciones.<\/p>\n<p> Contacto<\/p>\n<p>\nNombre contacto: Maria Lopez<\/p>\n<p>\nDescripci\u00f3n contacto: Comunicaci\u00f3n<\/p>\n<p>\nTel\u00e9fono de contacto: 665836033<\/p>\n","protected":false},"excerpt":{"rendered":"<p>(Informaci\u00f3n remitida por la empresa firmante) Las organizaciones CONFESQ y COCEMFE solicitan la inclusi\u00f3n de la fibromialgia y la encefalomielitis mi\u00e1lgica en la lista de enfermedades para la jubilaci\u00f3n anticipada con un 45% o m\u00e1s de discapacidad. Argumentan que estas patolog\u00edas, que suelen llevar a las personas afectadas a abandonar prematuramente sus trabajos, se traducen [&hellip;]<\/p>\n","protected":false},"author":1,"featured_media":0,"comment_status":"closed","ping_status":"closed","sticky":false,"template":"","format":"standard","meta":{"footnotes":""},"categories":[],"tags":[],"class_list":["post-51097","post","type-post","status-publish","format-standard","hentry"],"_links":{"self":[{"href":"https:\/\/webciudadana.net\/index.php?rest_route=\/wp\/v2\/posts\/51097","targetHints":{"allow":["GET"]}}],"collection":[{"href":"https:\/\/webciudadana.net\/index.php?rest_route=\/wp\/v2\/posts"}],"about":[{"href":"https:\/\/webciudadana.net\/index.php?rest_route=\/wp\/v2\/types\/post"}],"author":[{"embeddable":true,"href":"https:\/\/webciudadana.net\/index.php?rest_route=\/wp\/v2\/users\/1"}],"replies":[{"embeddable":true,"href":"https:\/\/webciudadana.net\/index.php?rest_route=%2Fwp%2Fv2%2Fcomments&post=51097"}],"version-history":[{"count":0,"href":"https:\/\/webciudadana.net\/index.php?rest_route=\/wp\/v2\/posts\/51097\/revisions"}],"wp:attachment":[{"href":"https:\/\/webciudadana.net\/index.php?rest_route=%2Fwp%2Fv2%2Fmedia&parent=51097"}],"wp:term":[{"taxonomy":"category","embeddable":true,"href":"https:\/\/webciudadana.net\/index.php?rest_route=%2Fwp%2Fv2%2Fcategories&post=51097"},{"taxonomy":"post_tag","embeddable":true,"href":"https:\/\/webciudadana.net\/index.php?rest_route=%2Fwp%2Fv2%2Ftags&post=51097"}],"curies":[{"name":"wp","href":"https:\/\/api.w.org\/{rel}","templated":true}]}}