{"id":51099,"date":"2024-03-13T10:36:19","date_gmt":"2024-03-13T09:36:19","guid":{"rendered":"https:\/\/ticker-noticiasep.microcontenidos.com\/NoticiaRSS.vbhtml?user=XRNR562DLR&amp;cod=20240313103619"},"modified":"2024-03-13T10:36:19","modified_gmt":"2024-03-13T09:36:19","slug":"el-cabildo-de-tenerife-y-la-caixa-renuevan-el-programa-incorpora","status":"publish","type":"post","link":"https:\/\/webciudadana.net\/?p=51099","title":{"rendered":"El Cabildo de Tenerife y &#8216;la Caixa&#8217; renuevan el Programa Incorpora"},"content":{"rendered":"\n<div><img decoding=\"async\" src=\"\/wp-content\/uploads\/sites\/2\/2024\/03\/el-cabildo-de-tenerife-y-la-caixa-renuevan-el-programa-incorpora.jpg\" class=\"ff-og-image-inserted\"><\/div>\n<p> SANTA CRUZ DE TENERIFE, 13 (EUROPA PRESS)<\/p>\n<p> El Cabildo de Tenerife, a trav\u00e9s de la Sociedad Insular para la Promoci\u00f3n de las Personas con Discapacidad (Sinpromi), ha suscrito el nuevo convenio del Programa Incorpora, de Fundaci\u00f3n &#8216;La Caixa&#8217;, para el ejercicio 2024, que tiene como objetivo la inserci\u00f3n sociolaboral de las personas en riesgo de exclusi\u00f3n social.<\/p>\n<p> La consejera de Acci\u00f3n Social, \u00c1gueda Fumero, destac\u00f3 que la renovaci\u00f3n de este convenio, por d\u00e9cimo octavo a\u00f1o consecutivo, apoya las acciones que desarrollamos desde Sinpromi en materia de empleo y refuerza el trabajo colaborativo entre el \u00e1mbito p\u00fablico y privado, en favor de la inclusi\u00f3n laboral de las personas con discapacidad\u00bb.<\/p>\n<p> El programa de integraci\u00f3n sociolaboral Incorpora facilit\u00f3 616 puestos de trabajo a personas en situaci\u00f3n de vulnerabilidad en 2023, de la mano de siete entidades sociales que, junto a Sinpromi, desarrollan esta iniciativa de responsabilidad social: Afedes, Afes Salud Mental, Fundaci\u00f3n Ataretaco, Fundaci\u00f3n Canaria Isonorte, Red Anagos y Cruz Roja.<\/p>\n<p> Del total de inserciones realizadas durante el pasado a\u00f1o, 219 corresponden a personas con discapacidad, y de ellas, 82 a personas con problemas de salud mental. El resto de contrataciones fue para personas con problemas de adicci\u00f3n, j\u00f3venes, v\u00edctimas de violencia de g\u00e9nero, personas mayores de 45 a\u00f1os, entre otras.<\/p>\n<p> El Programa Incorpora cont\u00f3 en 2023 con la colaboraci\u00f3n de 270 empresas comprometidas con la responsabilidad social en materia de inclusi\u00f3n laboral, de sectores diversos como la hosteler\u00eda, el comercio, la limpieza, la atenci\u00f3n sociosanitaria, el transporte y el almacenamiento.<\/p>\n<p> Adem\u00e1s, desde 2016, se lleva a cabo una l\u00ednea de autoempleo, como nueva forma de integraci\u00f3n en el mercado laboral, donde las personas con capacidades emprendedoras pueden desarrollar un plan de negocio para crear su propia empresa, apoyadas en un itinerario personalizado.<\/p>\n<p> \u00c1gueda Fumero concluye que \u00abel acceso al empleo, como elemento que promueve el desarrollo personal, es una de las prioridades de Sinpromi\u00bb, a lo que agrega que \u00abnuestro objetivo es fomentar la igualdad de oportunidades y la diversidad en los equipos de trabajo, como valores fundamentales del progreso de una comunidad\u00bb.<\/p>\n","protected":false},"excerpt":{"rendered":"<p>SANTA CRUZ DE TENERIFE, 13 (EUROPA PRESS) El Cabildo de Tenerife, a trav\u00e9s de la Sociedad Insular para la Promoci\u00f3n de las Personas con Discapacidad (Sinpromi), ha suscrito el nuevo convenio del Programa Incorpora, de Fundaci\u00f3n &#8216;La Caixa&#8217;, para el ejercicio 2024, que tiene como objetivo la inserci\u00f3n sociolaboral de las personas en riesgo de [&hellip;]<\/p>\n","protected":false},"author":1,"featured_media":0,"comment_status":"closed","ping_status":"closed","sticky":false,"template":"","format":"standard","meta":{"footnotes":""},"categories":[],"tags":[],"class_list":["post-51099","post","type-post","status-publish","format-standard","hentry"],"_links":{"self":[{"href":"https:\/\/webciudadana.net\/index.php?rest_route=\/wp\/v2\/posts\/51099","targetHints":{"allow":["GET"]}}],"collection":[{"href":"https:\/\/webciudadana.net\/index.php?rest_route=\/wp\/v2\/posts"}],"about":[{"href":"https:\/\/webciudadana.net\/index.php?rest_route=\/wp\/v2\/types\/post"}],"author":[{"embeddable":true,"href":"https:\/\/webciudadana.net\/index.php?rest_route=\/wp\/v2\/users\/1"}],"replies":[{"embeddable":true,"href":"https:\/\/webciudadana.net\/index.php?rest_route=%2Fwp%2Fv2%2Fcomments&post=51099"}],"version-history":[{"count":0,"href":"https:\/\/webciudadana.net\/index.php?rest_route=\/wp\/v2\/posts\/51099\/revisions"}],"wp:attachment":[{"href":"https:\/\/webciudadana.net\/index.php?rest_route=%2Fwp%2Fv2%2Fmedia&parent=51099"}],"wp:term":[{"taxonomy":"category","embeddable":true,"href":"https:\/\/webciudadana.net\/index.php?rest_route=%2Fwp%2Fv2%2Fcategories&post=51099"},{"taxonomy":"post_tag","embeddable":true,"href":"https:\/\/webciudadana.net\/index.php?rest_route=%2Fwp%2Fv2%2Ftags&post=51099"}],"curies":[{"name":"wp","href":"https:\/\/api.w.org\/{rel}","templated":true}]}}