{"id":51111,"date":"2024-03-13T12:48:39","date_gmt":"2024-03-13T11:48:39","guid":{"rendered":"https:\/\/ticker-noticiasep.microcontenidos.com\/NoticiaRSS.vbhtml?user=XRNR562DLR&amp;cod=20240313124839"},"modified":"2024-03-13T12:48:39","modified_gmt":"2024-03-13T11:48:39","slug":"desafio-de-grana-padano-en-alimentaria-2024","status":"publish","type":"post","link":"https:\/\/webciudadana.net\/?p=51111","title":{"rendered":"Desaf\u00edo de Grana Padano en Alimentaria 2024"},"content":{"rendered":"\n<div><img decoding=\"async\" src=\"\/wp-content\/uploads\/sites\/2\/2024\/03\/desafio-de-grana-padano-en-alimentaria-2024.jpg\" class=\"ff-og-image-inserted\"><\/div>\n<p>(Informaci\u00f3n remitida por la empresa firmante)<\/p>\n<p>\nLola Bernabe (@loletabyloleta),* Laura L\u00f3pez (@lauraponts) y la chef e influencer Amelia Plat\u00f3n (@ameliciousmchef9) formar\u00e1n parte de un desaf\u00edo para crear la mejor tapa original inspirada en la cocina italiana, utilizando el queso Grana Padano<\/p>\n<p>\nBarcelona, 13 de marzo de 2024.- El Consorzio Tutela Grana Padano (Consorcio de protecci\u00f3n Grana Padano), se complace en anunciar su participaci\u00f3n en la prestigiosa Feria Alimentaria de Barcelona, que se celebrar\u00e1 del 18 al 21 de marzo de 2024 en la Fira Barcelona Gran Via. Esta participaci\u00f3n marca un emocionante hito para la marca en su compromiso continuo de ofrecer productos de alta calidad y promover la excelencia culinaria.<\/p>\n<p> Grana Padano es la denominaci\u00f3n de Origen Protegida de quesos m\u00e1s consumida del mundo. Se trata de un queso artesanal, libre de gluten y sin lactosa, cuya historia se remonta a casi hace 1.000 a\u00f1os. La versatilidad en la cocina y su alto valor nutricional son las caracter\u00edsticas fundamentales del queso Grana Padano D.O.P.<\/p>\n<p> Como parte de su presencia en la Feria Alimentaria, Grana Padano organiza un desaf\u00edo culinario entre tres talentosas figuras que tendr\u00e1 lugar el martes 19 de marzo de 2024. Bajo el t\u00edtulo de #TAPASCHALLENGE, Lola Bernab\u00e9 (@loletabyloleta), embajadora de marca de Grana Padano, junto con la influencer y tambi\u00e9n embajadora Laura L\u00f3pez (@lauraponts) y la chef e influencer Amelia Plat\u00f3n (@ameliciousmchef9) formar\u00e1n parte de un desaf\u00edo para crear una receta \u00fanica y original inspirada en la cocina italiana, utilizando el queso Grana Padano. El desaf\u00edo #TAPASCHALLENGE ser\u00e1 evaluado por un jurado compuesto por periodistas del sector, influencers gastron\u00f3micos y otras personalidades destacadas. Este jurado valorar\u00e1 la creatividad, el sabor y la presentaci\u00f3n de cada tapa, seleccionando a la mejor entre las creaciones de Lola Bernab\u00e9, Laura L\u00f3pez y Amelia Plat\u00f3n. Ellas suman m\u00e1s de 900 mil seguidores en Instagram, que podr\u00e1n seguir el evento en \u00bbreal-time\u00bb.<\/p>\n<p> Adem\u00e1s, los d\u00edas 18 y 20 de marzo, durante la hora del almuerzo, los visitantes tendr\u00e1n la oportunidad de presenciar dos showcookings en vivo protagonizados por Amelia Plat\u00f3n y Maria Rodas. El 18 ser\u00e1 Amelia, exconcursante de Masterchef, apasionada de la nutrici\u00f3n y la comida sana, ahora con su proyecto personal, Amelicious, un lugar totalmente dedicado al bienestar. Maria, exconcursante de Masterchef, apasionada de la cocina, realizar\u00e1 el showcooking del d\u00eda 20 de marzo.<\/p>\n<p> Grana Padano invita a todos los asistentes de la Feria Alimentaria de Barcelona a visitar su stand en el pabell\u00f3n Interlact, Hall P3, Stand C75 y disfrutar de una experiencia gastron\u00f3mica \u00fanica. Descubre la excelencia de Grana Padano y su versatilidad en la cocina.<\/p>\n<p> La Feria Alimentaria de Barcelona es un evento internacional l\u00edder en la industria de alimentos y bebidas, que re\u00fane a profesionales y entusiastas de la gastronom\u00eda de todo el mundo para descubrir las \u00faltimas tendencias y novedades en el sector, con m\u00e1s de 100.000 visitantes y m\u00e1s de 3.000 empresas expositoras de 149 pa\u00edses. Durante cuatro d\u00edas, los asistentes tendr\u00e1n la oportunidad de explorar una amplia gama de productos alimenticios de primera calidad, participar en demostraciones culinarias y establecer contactos comerciales clave.<\/p>\n<p> Contacto<\/p>\n<p>\nNombre contacto: BeBRAND<\/p>\n<p>\nDescripci\u00f3n contacto: BeBRAND<\/p>\n<p>\nTel\u00e9fono de contacto: 649 01 84 35<\/p>\n","protected":false},"excerpt":{"rendered":"<p>(Informaci\u00f3n remitida por la empresa firmante) Lola Bernabe (@loletabyloleta),* Laura L\u00f3pez (@lauraponts) y la chef e influencer Amelia Plat\u00f3n (@ameliciousmchef9) formar\u00e1n parte de un desaf\u00edo para crear la mejor tapa original inspirada en la cocina italiana, utilizando el queso Grana Padano Barcelona, 13 de marzo de 2024.- El Consorzio Tutela Grana Padano (Consorcio de protecci\u00f3n [&hellip;]<\/p>\n","protected":false},"author":1,"featured_media":0,"comment_status":"closed","ping_status":"closed","sticky":false,"template":"","format":"standard","meta":{"footnotes":""},"categories":[],"tags":[],"class_list":["post-51111","post","type-post","status-publish","format-standard","hentry"],"_links":{"self":[{"href":"https:\/\/webciudadana.net\/index.php?rest_route=\/wp\/v2\/posts\/51111","targetHints":{"allow":["GET"]}}],"collection":[{"href":"https:\/\/webciudadana.net\/index.php?rest_route=\/wp\/v2\/posts"}],"about":[{"href":"https:\/\/webciudadana.net\/index.php?rest_route=\/wp\/v2\/types\/post"}],"author":[{"embeddable":true,"href":"https:\/\/webciudadana.net\/index.php?rest_route=\/wp\/v2\/users\/1"}],"replies":[{"embeddable":true,"href":"https:\/\/webciudadana.net\/index.php?rest_route=%2Fwp%2Fv2%2Fcomments&post=51111"}],"version-history":[{"count":0,"href":"https:\/\/webciudadana.net\/index.php?rest_route=\/wp\/v2\/posts\/51111\/revisions"}],"wp:attachment":[{"href":"https:\/\/webciudadana.net\/index.php?rest_route=%2Fwp%2Fv2%2Fmedia&parent=51111"}],"wp:term":[{"taxonomy":"category","embeddable":true,"href":"https:\/\/webciudadana.net\/index.php?rest_route=%2Fwp%2Fv2%2Fcategories&post=51111"},{"taxonomy":"post_tag","embeddable":true,"href":"https:\/\/webciudadana.net\/index.php?rest_route=%2Fwp%2Fv2%2Ftags&post=51111"}],"curies":[{"name":"wp","href":"https:\/\/api.w.org\/{rel}","templated":true}]}}