{"id":51116,"date":"2024-03-13T13:23:32","date_gmt":"2024-03-13T12:23:32","guid":{"rendered":"https:\/\/ticker-noticiasep.microcontenidos.com\/NoticiaRSS.vbhtml?user=XRNR562DLR&amp;cod=20240313132332"},"modified":"2024-03-13T13:23:32","modified_gmt":"2024-03-13T12:23:32","slug":"salud-asanec-pide-que-el-nuevo-instituto-de-salud-de-andalucia-no-absorba-a-la-easp-por-su-estatus-internacional","status":"publish","type":"post","link":"https:\/\/webciudadana.net\/?p=51116","title":{"rendered":"Salud: Asanec pide que el nuevo Instituto de Salud de Andaluc\u00eda no absorba a la EASP por su estatus internacional"},"content":{"rendered":"\n<div><img decoding=\"async\" src=\"\/wp-content\/uploads\/sites\/2\/2024\/03\/salud-asanec-pide-que-el-nuevo-instituto-de-salud-de-andalucia-no-absorba-a-la-easp-por-su-estatus-internacional.jpg\" class=\"ff-og-image-inserted\"><\/div>\n<p>(Informaci\u00f3n remitida por la empresa firmante)<\/p>\n<p>\nLa desaparici\u00f3n de la f\u00f3rmula jur\u00eddica de la Escuela Andaluza de Salud P\u00fablica podr\u00eda implicar, entre otros, la p\u00e9rdida del reconocimiento como centro colaborador de la OMS <\/p>\n<p> SEVILLA, 13 (EUROPA PRESS)<\/p>\n<p> La Asociaci\u00f3n Andaluza de Enfermer\u00eda Familiar y Comunitaria (Asanec) ha recomendado, ante la Comisi\u00f3n de Salud y Consumo del Parlamento de Andaluc\u00eda, \u00abla no absorci\u00f3n, por parte del nuevo Instituto de Salud de Andaluc\u00eda (ISA), de la Escuela Andaluza de Salud P\u00fablica (EASP)\u00bb al considerar que, \u00abel cambio jur\u00eddico de la entidad p\u00fablica supondr\u00eda la p\u00e9rdida del reconocimiento como centro colaborador de la Organizaci\u00f3n Mundial de la Salud (OMS), entre otras disfunciones que les supone en cambio de estatus jur\u00eddico\u00bb.<\/p>\n<p> Asanec, en su comparecencia de cara a la tramitaci\u00f3n del proyecto de Ley de creaci\u00f3n del Instituto de Salud, expone que \u00abla EASP es una sociedad mercantil y en el momento en que se extinguiese, disolviese o integrase en el ISA, perdiendo as\u00ed su personalidad jur\u00eddica propia, la designaci\u00f3n por parte de la OMS desaparecer\u00eda, ya que bajo ning\u00fan concepto la asignaci\u00f3n como centro colaborador del organismo internacional podr\u00eda transferirse al nuevo instituto\u00bb.<\/p>\n<p> De esta forma, la p\u00e9rdida de la asignaci\u00f3n de la EASP como colaborador de la OMS tendr\u00eda \u00abun alto impacto negativo para la Consejer\u00eda de Salud y Consumo, ya que Andaluc\u00eda no dispone de m\u00e1s centros colaboradores que el de la EASP\u00bb, ha subrayado Asanec.<\/p>\n<p> Desde esta sociedad cient\u00edfica se ha indicado que, \u00abla p\u00e9rdida de la experiencia internacional por parte de la Escuela Andaluza de Salud P\u00fablica conllevar\u00eda, tambi\u00e9n, la posibilidad de presentarse a futuras licitaciones internacionales, ya que las administraciones p\u00fablicas, como es el caso de las agencias administrativas o las oficinas de transferencias de resultados de investigaci\u00f3n, no pueden presentarse a determinadas licitaciones de la Uni\u00f3n Europea, OMS, la Organizaci\u00f3n Panamericana de Salud o el Banco Mundial, entre otros\u00bb.<\/p>\n<p> Este hecho incidir\u00eda en la p\u00e9rdida de alianzas internacionales de las que actualmente forma parte la EASP. Hay que tener en cuenta, ha dicho Asanec, que \u00abesta entidad ha sido responsable durante estos a\u00f1os de la gesti\u00f3n de m\u00e1s de 82 millones de euros\u00bb.<\/p>\n<p>\nMENOR CAPACIDAD DE RESPUESTA <\/p>\n<p> Asimismo, la extinci\u00f3n de la sociedad mercantil de la Escuela Andaluza de Salud P\u00fablica supondr\u00eda tambi\u00e9n la extinci\u00f3n de convenios estrat\u00e9gicos y t\u00edtulos universitarios, un total de 12 postgrados.<\/p>\n<p> En definitiva, \u00absi la EASP se integrara en una agencia administrativa, la capacidad de respuesta en la prestaci\u00f3n de sus servicios se podr\u00eda ver afectada por la p\u00e9rdida de agilidad en la gesti\u00f3n de los proyectos, ya que la EASP se rige actualmente por el derecho mercantil y no por el administrativo\u00bb, ha puntualizado la responsable de Asanec.<\/p>\n<p> Cabe recordar que el art\u00edculo 1.3. del proyecto de ley de creaci\u00f3n del Instituto de Salud de Andaluc\u00eda 12-23\/PL-000004, recoge \u00abla asunci\u00f3n por parte del Instituto de Salud de Andaluc\u00eda de los fines, funciones, personal y bienes de las entidades la Fundaci\u00f3n P\u00fablica Andaluza Progreso y Salud y la Escuela Andaluza de Salud P\u00fablica S.A, conllevando la extinci\u00f3n, por los procedimientos legalmente establecidos, de sus formas jur\u00eddicas respectivas, fundaci\u00f3n p\u00fablica y sociedad mercantil, respectivamente, siendo sustituidas por la personalidad jur\u00eddica de la Agencia Administrativa\u00bb.<\/p>\n<p> Por estos motivos, desde la Asociaci\u00f3n Andaluza de Enfermer\u00eda Familiar y Comunitaria, dado su car\u00e1cter como sociedad cient\u00edfica, recomiendan \u00abla incorporaci\u00f3n de la EASP como centro adscrito al ISA\u00bb, de modo que aporte su experiencia y proyecci\u00f3n internacional, sus alianzas estrat\u00e9gicas y su reconocido posicionamiento como centro colaborador de la OMS, manteniendo su r\u00e9gimen de sociedad mercantil para \u00abevitar la p\u00e9rdida de capacidad gestora, organizativa y de captaci\u00f3n de recursos\u00bb.<\/p>\n<p>\nNUEVAS CATEGOR\u00cdAS <\/p>\n<p> Desde la Asociaci\u00f3n Andaluza de Enfermer\u00eda Familiar y Comunitaria se ha recomendado a la Comisi\u00f3n de Salud y Consumo del Parlamento de Andaluc\u00eda que, en relaci\u00f3n a la creaci\u00f3n de dos nuevos cuerpos de funcionarios en especialidades de Biomedicina y Ciencias de la Salud, \u00abse modifique su redacci\u00f3n actual pues entienden que la creaci\u00f3n de las especialidades indicadas en el proyecto de ley del Instituto de Salud de Andaluc\u00eda contradice la normativa legal europea actual\u00bb.<\/p>\n<p> Los planes de estudios universitarios antiguos se extinguieron en octubre de 2010, en base a lo establecido en el decreto RD 1393\/2007, el cual recoge los grados universitarios. Adem\u00e1s, \u00abtampoco se ha tenido en cuenta la clasificaci\u00f3n profesional que aparece en el Real Decreto Legislativo 5\/2015, que recoge el texto refundido de la Ley del Estatuto B\u00e1sico del Empleado P\u00fablico\u00bb.<\/p>\n<p> Por otro lado, Asanec ha recomendado a la Comisi\u00f3n de Salud y Consumo del Parlamento de Andaluc\u00eda la creaci\u00f3n adicional de una categor\u00eda de Salud P\u00fablica y Gesti\u00f3n Sanitaria en el ISA.<\/p>\n<p> Asanec es la Asociaci\u00f3n Andaluza de Enfermer\u00eda Comunitaria formada por enfermeras y enfermeros de toda la geograf\u00eda andaluza que, sin \u00e1nimo de lucro, trabajan por y para el desarrollo de la profesi\u00f3n. Como sociedad cient\u00edfica, persigue la mejora de la calidad asistencial en el \u00e1mbito comunitario desde la defensa de la sanidad p\u00fablica, influyendo y dialogando con las Administraciones.<\/p>\n<p> Entre sus fines se encuentra brindar formaci\u00f3n e investigaci\u00f3n en la pr\u00e1ctica de la enfermer\u00eda para ofrecer cuidados de calidad a la comunidad, as\u00ed como colaborar con otras sociedades cient\u00edficas y asociaciones para el mejor desarrollo de la profesi\u00f3n.<\/p>\n","protected":false},"excerpt":{"rendered":"<p>(Informaci\u00f3n remitida por la empresa firmante) La desaparici\u00f3n de la f\u00f3rmula jur\u00eddica de la Escuela Andaluza de Salud P\u00fablica podr\u00eda implicar, entre otros, la p\u00e9rdida del reconocimiento como centro colaborador de la OMS SEVILLA, 13 (EUROPA PRESS) La Asociaci\u00f3n Andaluza de Enfermer\u00eda Familiar y Comunitaria (Asanec) ha recomendado, ante la Comisi\u00f3n de Salud y Consumo [&hellip;]<\/p>\n","protected":false},"author":1,"featured_media":0,"comment_status":"closed","ping_status":"closed","sticky":false,"template":"","format":"standard","meta":{"footnotes":""},"categories":[],"tags":[],"class_list":["post-51116","post","type-post","status-publish","format-standard","hentry"],"_links":{"self":[{"href":"https:\/\/webciudadana.net\/index.php?rest_route=\/wp\/v2\/posts\/51116","targetHints":{"allow":["GET"]}}],"collection":[{"href":"https:\/\/webciudadana.net\/index.php?rest_route=\/wp\/v2\/posts"}],"about":[{"href":"https:\/\/webciudadana.net\/index.php?rest_route=\/wp\/v2\/types\/post"}],"author":[{"embeddable":true,"href":"https:\/\/webciudadana.net\/index.php?rest_route=\/wp\/v2\/users\/1"}],"replies":[{"embeddable":true,"href":"https:\/\/webciudadana.net\/index.php?rest_route=%2Fwp%2Fv2%2Fcomments&post=51116"}],"version-history":[{"count":0,"href":"https:\/\/webciudadana.net\/index.php?rest_route=\/wp\/v2\/posts\/51116\/revisions"}],"wp:attachment":[{"href":"https:\/\/webciudadana.net\/index.php?rest_route=%2Fwp%2Fv2%2Fmedia&parent=51116"}],"wp:term":[{"taxonomy":"category","embeddable":true,"href":"https:\/\/webciudadana.net\/index.php?rest_route=%2Fwp%2Fv2%2Fcategories&post=51116"},{"taxonomy":"post_tag","embeddable":true,"href":"https:\/\/webciudadana.net\/index.php?rest_route=%2Fwp%2Fv2%2Ftags&post=51116"}],"curies":[{"name":"wp","href":"https:\/\/api.w.org\/{rel}","templated":true}]}}