{"id":51123,"date":"2024-03-13T14:29:52","date_gmt":"2024-03-13T13:29:52","guid":{"rendered":"https:\/\/ticker-noticiasep.microcontenidos.com\/NoticiaRSS.vbhtml?user=XRNR562DLR&amp;cod=20240313142952"},"modified":"2024-03-13T14:29:52","modified_gmt":"2024-03-13T13:29:52","slug":"lecturas-de-sm-para-compartir-con-papa","status":"publish","type":"post","link":"https:\/\/webciudadana.net\/?p=51123","title":{"rendered":"Lecturas de SM para compartir con pap\u00e1"},"content":{"rendered":"\n<div><img decoding=\"async\" src=\"\/wp-content\/uploads\/sites\/2\/2024\/03\/lecturas-de-sm-para-compartir-con-papa.jpg\" class=\"ff-og-image-inserted\"><\/div>\n<p>(Informaci\u00f3n remitida por la empresa firmante)<\/p>\n<p> En Espa\u00f1a, como en casi la mayor\u00eda de los pa\u00edses, el D\u00eda del Padre se celebra el 19 de marzo, festividad de San Jos\u00e9. En Estados Unidos y otros muchos pa\u00edses de Am\u00e9rica la celebraci\u00f3n se realiza en el tercer domingo de junio.<\/p>\n<p> Sea cual sea la fecha de celebraci\u00f3n, siempre hay motivos para que padres e hijos compartan su tiempo. La lectura conjunta es una excusa perfecta para fortalecer los v\u00ednculos entre padres e hijos y en SM lo sabemos.<\/p>\n<p> MI PAP\u00c1 NO SABE DECIR \u00abTE QUIERO\u00bb<\/p>\n<p> Autor\u00eda e Ilustraci\u00f3n: Luciano Lozano Raya <\/p>\n<p> 32 p\u00e1ginas. 14,94\u20ac. De 4 a 5 a\u00f1os. SM.<\/p>\n<p> Con este cuento, los ni\u00f1os descubrir\u00e1n que el amor tambi\u00e9n se demuestra con actos, no s\u00f3lo con palabras. Cuando Sim\u00f3n va a dormir a casa de su amigo Marius, oye que al darles las buenas noches, el padre de Marius dice \u00abTe quiero\u00bb a su hijo. El padre de Sim\u00f3n nunca lo hace y el ni\u00f1o comienza a preocuparse.<\/p>\n<p> EL LIBRO DE LOS PAP\u00c1S<\/p>\n<p> Autor\u00eda e Ilustraci\u00f3n: Natascha Rosenberg<\/p>\n<p> 12 p\u00e1ginas. 9,95\u20ac. De 0 a 2 a\u00f1os. SM.<\/p>\n<p> Un libro sensorial para ver, descubrir y tocar. Contiene grandes solapas de fieltro para que el ni\u00f1o desarrolle el sentido del tacto y la psicomotricidad fina al levantarlas para descubrir las im\u00e1genes de distintos animales con sus pap\u00e1s.<\/p>\n<p> PAP\u00c1, \u00a1DESPIERTA! <\/p>\n<p> Texto e IIustraciones: Arwen Huang<\/p>\n<p> 40 p\u00e1ginas. 8,00 \u20ac. De 3 a 5 a\u00f1os. SM.<\/p>\n<p> Un cuento sobre lo bonito que es pasar un d\u00eda haciendo cosas en familia. Es s\u00e1bado y la protagonista de este cuento despierta a su padre para pasar con \u00e9l un d\u00eda muy especial y hacer muchas cosas juntos: ir a un mercado al aire libre, escuchar m\u00fasica en el parque, pasear bajo la lluvia y observar las estrellas.<\/p>\n<p> T\u00da ERES MI H\u00c9ROE<\/p>\n<p> Autores: Juan Carlos Chandro Ram\u00edrez, Gonzalo Izquierdo <\/p>\n<p> Ilustraciones: Gonzalo Izquierdo Cecilia Moreno Mohedano<\/p>\n<p> 56 p\u00e1ginas. 8,50\u20ac. De 6 a 7 a\u00f1os. SM.<\/p>\n<p> Una divertida historia que muestra la importancia de la relaci\u00f3n entre padres e hijos.A Ra\u00fal le encantan los libros, sobre todo, los de aventuras. Lo que m\u00e1s desea es convertirse en un h\u00e9roe y no ve el modo de conseguirlo. \u00bfQu\u00e9 podr\u00e1 hacer para cumplir su sue\u00f1o?<\/p>\n<p> SI TIENES UN PAP\u00c1 MAGO&#8230;<\/p>\n<p> Autor: Gabriela Keselman \/ Ilustraciones de Leire Mart\u00edn<\/p>\n<p> 56 p\u00e1ginas. 8,50\u20ac. De 6 a 7 a\u00f1os. SM.<\/p>\n<p> Los amigos de Chiqui est\u00e1n intrigad\u00edsimos. No se explican por qu\u00e9 el ni\u00f1o va siempre tan contento al colegio. \u00bfQu\u00e9 misterioso truco puede conseguirlo? Una estupenda historia que muestra la necesidad de tener una buena relaci\u00f3n entre padres e hijos.<\/p>\n<p> COMO SI FUESE PAP\u00c1<\/p>\n<p> Autor: Daniel Nesquens \/ Ilustraciones de Ayesha L. Rubio <\/p>\n<p> 104 p\u00e1ginas. 8,75\u20ac. De 6 a 9 a\u00f1os. SM.<\/p>\n<p> Mateo, a sus siete a\u00f1os, tiene hoy una gran responsabilidad. Debe acudir a la oficina de su padre a sustituirle, porque este se ha puesto enfermo. All\u00ed descubrir\u00e1 el complicado mundo de los correos electr\u00f3nicos y las reuniones de negocios. Menos mal que siempre hay un compa\u00f1ero que te ayuda a atarte los cordones de los zapatos.<\/p>\n<p> Si necesitas m\u00e1s informaci\u00f3n o quieres recibir alg\u00fan ejemplar de estos t\u00edtulos no dudes en ponerte en contacto con nosotros.<\/p>\n<p> Comunicaci\u00f3n SM Espa\u00f1a<\/p>\n<p> comunicacionsm@info.grupo-sm.com<\/p>\n<p> Carmen Palomino <\/p>\n<p> Goretti Redondo <\/p>\n","protected":false},"excerpt":{"rendered":"<p>(Informaci\u00f3n remitida por la empresa firmante) En Espa\u00f1a, como en casi la mayor\u00eda de los pa\u00edses, el D\u00eda del Padre se celebra el 19 de marzo, festividad de San Jos\u00e9. En Estados Unidos y otros muchos pa\u00edses de Am\u00e9rica la celebraci\u00f3n se realiza en el tercer domingo de junio. Sea cual sea la fecha de [&hellip;]<\/p>\n","protected":false},"author":1,"featured_media":0,"comment_status":"closed","ping_status":"closed","sticky":false,"template":"","format":"standard","meta":{"footnotes":""},"categories":[],"tags":[],"class_list":["post-51123","post","type-post","status-publish","format-standard","hentry"],"_links":{"self":[{"href":"https:\/\/webciudadana.net\/index.php?rest_route=\/wp\/v2\/posts\/51123","targetHints":{"allow":["GET"]}}],"collection":[{"href":"https:\/\/webciudadana.net\/index.php?rest_route=\/wp\/v2\/posts"}],"about":[{"href":"https:\/\/webciudadana.net\/index.php?rest_route=\/wp\/v2\/types\/post"}],"author":[{"embeddable":true,"href":"https:\/\/webciudadana.net\/index.php?rest_route=\/wp\/v2\/users\/1"}],"replies":[{"embeddable":true,"href":"https:\/\/webciudadana.net\/index.php?rest_route=%2Fwp%2Fv2%2Fcomments&post=51123"}],"version-history":[{"count":0,"href":"https:\/\/webciudadana.net\/index.php?rest_route=\/wp\/v2\/posts\/51123\/revisions"}],"wp:attachment":[{"href":"https:\/\/webciudadana.net\/index.php?rest_route=%2Fwp%2Fv2%2Fmedia&parent=51123"}],"wp:term":[{"taxonomy":"category","embeddable":true,"href":"https:\/\/webciudadana.net\/index.php?rest_route=%2Fwp%2Fv2%2Fcategories&post=51123"},{"taxonomy":"post_tag","embeddable":true,"href":"https:\/\/webciudadana.net\/index.php?rest_route=%2Fwp%2Fv2%2Ftags&post=51123"}],"curies":[{"name":"wp","href":"https:\/\/api.w.org\/{rel}","templated":true}]}}