{"id":51135,"date":"2024-03-13T18:09:53","date_gmt":"2024-03-13T17:09:53","guid":{"rendered":"https:\/\/ticker-noticiasep.microcontenidos.com\/NoticiaRSS.vbhtml?user=XRNR562DLR&amp;cod=20240313180953"},"modified":"2024-03-13T18:09:53","modified_gmt":"2024-03-13T17:09:53","slug":"fundacion-randstad-y-fundacion-ceoe-colaboran-para-reducir-la-brecha-digital-de-las-personas-con-discapacidad","status":"publish","type":"post","link":"https:\/\/webciudadana.net\/?p=51135","title":{"rendered":"Fundaci\u00f3n Randstad y Fundaci\u00f3n CEOE colaboran para reducir la brecha digital de las personas con discapacidad"},"content":{"rendered":"\n<div><img decoding=\"async\" src=\"\/wp-content\/uploads\/sites\/2\/2024\/03\/fundacion-randstad-y-fundacion-ceoe-colaboran-para-reducir-la-brecha-digital-de-las-personas-con-discapacidad.jpg\" class=\"ff-og-image-inserted\"><\/div>\n<p>La Fundaci\u00f3n CEOE dona 70 ordenadores reacondicionados al programa &#8216;Brecha Digital&#8217; de Fundaci\u00f3n Randstad <\/p>\n<p> MADRID, 13 (EUROPA PRESS)<\/p>\n<p> La Fundaci\u00f3n Randstad y la Fundaci\u00f3n CEOE han firmado un acuerdo de colaboraci\u00f3n para trabajar, seg\u00fan han indicado, en el fomento de la econom\u00eda circular y la transformaci\u00f3n del conocimiento digital. Gracias a esta alianza, la Fundaci\u00f3n CEOE ha donado 70 ordenadores reacondicionados para el proyecto de &#8216;Brecha Digital&#8217; de Fundaci\u00f3n Randstad.<\/p>\n<p> Se trata de un acuerdo enmarcado en el proyecto de Digitalizaci\u00f3n Sostenible de Fundaci\u00f3n CEOE, una iniciativa solidaria que busca, seg\u00fan ha indicado la entidad, \u00abreducir la brecha digital de personas vulnerables reacondicionando y donando equipos electr\u00f3nicos\u00bb. En concreto, la Fundaci\u00f3n CEOE trabaja conjuntamente con los Sistemas Colectivos de Responsabilidad Ampliada del Productor (SCRAP) y Fundaci\u00f3n SEUR en el proyecto.<\/p>\n<p> As\u00ed, durante la firma de la alianza, la presidenta de Fundaci\u00f3n CEOE, F\u00e1tima B\u00e1\u00f1ez, ha sido la encargada de entregar los equipos en un acto que ha tenido lugar en el HUB de Fundaci\u00f3n Randstad, que trabaja, seg\u00fan ha indicado la fundaci\u00f3n, por conseguir la igualdad de oportunidades en el empleo para las personas con discapacidad.<\/p>\n<p> Tal y como ha explicado B\u00e1\u00f1ez, la Fundaci\u00f3n de las empresas espa\u00f1olas recibe donaciones de compa\u00f1\u00edas que retiran sus equipos inform\u00e1ticos en buen estado, los acondicionan y los donan a otras entidades sin \u00e1nimo de lucro para que puedan llevar a cabo diferentes proyectos.<\/p>\n<p> \u00abDigitalizaci\u00f3n sostenible es un proyecto de \u00e9xito que fortalece los lazos entre las empresas y entidades sociales. Se trata de un proyecto en el que trabajamos por reducir la brecha digital, fomentar la econom\u00eda circular y reducir el CO2. En estos tres a\u00f1os de trabajo, hemos colaborado con m\u00e1s de 60 entidades sociales y, hoy, estamos aqu\u00ed con la Fundaci\u00f3n Randstad en una alianza en la que la persona est\u00e1 en el centro de nuestras decisiones\u00bb, ha asegurado la presidenta de Fundaci\u00f3n CEOE.<\/p>\n<p> Por su parte, la directora de Fundaci\u00f3n Randstad, Mar\u00eda Viver, ha agradecido la donaci\u00f3n y ha enfatizado el valor que tienen estas colaboraciones para poder trabajar en la reducci\u00f3n de la brecha digital de acceso y de uso de sus usuarios.<\/p>\n<p> \u00abCon estos equipos que nos ha facilitado la Fundaci\u00f3n CEOE fomentamos el acceso universal a la tecnolog\u00eda para personas con discapacidad y en riesgo de exclusi\u00f3n que puedan tener falta de recursos econ\u00f3micos y necesidad de formaci\u00f3n\u00bb, ha indicado Viver, que ha puntualizado que, de esta manera, \u00abse contribuye a mejorar su inserci\u00f3n en el mercado laboral y su empleabilidad\u00bb.<\/p>\n<p>\n453 USUARIOS DESDE 2021<\/p>\n<p> &#8216;Brecha Digital&#8217; es un programa creado en 2021 que re\u00fane a distintas organizaciones para conseguir acercar la tecnolog\u00eda a las personas con discapacidad, seg\u00fan ha explicado Fundaci\u00f3n Randstad que precisa que est\u00e1 abierto a \u00abtodo el ecosistema social de la Fundaci\u00f3n\u00bb: las empresas, \u00abpara la dotaci\u00f3n de recursos que se puedan reacondicionar\u00bb; las entidades sociales, \u00abcoordinando a las personas beneficiarias de este proyecto\u00bb; y los voluntarios de las empresas, \u00abimpartiendo los talleres de capacitaci\u00f3n tecnol\u00f3gica y mejora de la empleabilidad\u00bb.<\/p>\n<p> En este proyecto ya han participado 453 usuarios que han conseguido, seg\u00fan sus impulsores, acelerar la b\u00fasqueda de empleo, ya que \u00abse ha incentivado la tecnolog\u00eda y se ha fomentado el desarrollo de competencias digitales\u00bb. Asimismo, esta iniciativa ha contado con la participaci\u00f3n de m\u00e1s de 250 voluntarios y tiene una tasa de finalizaci\u00f3n de las formaciones del 95%, seg\u00fan Fundaci\u00f3n Randstad.<\/p>\n","protected":false},"excerpt":{"rendered":"<p>La Fundaci\u00f3n CEOE dona 70 ordenadores reacondicionados al programa &#8216;Brecha Digital&#8217; de Fundaci\u00f3n Randstad MADRID, 13 (EUROPA PRESS) La Fundaci\u00f3n Randstad y la Fundaci\u00f3n CEOE han firmado un acuerdo de colaboraci\u00f3n para trabajar, seg\u00fan han indicado, en el fomento de la econom\u00eda circular y la transformaci\u00f3n del conocimiento digital. Gracias a esta alianza, la Fundaci\u00f3n [&hellip;]<\/p>\n","protected":false},"author":1,"featured_media":0,"comment_status":"closed","ping_status":"closed","sticky":false,"template":"","format":"standard","meta":{"footnotes":""},"categories":[],"tags":[],"class_list":["post-51135","post","type-post","status-publish","format-standard","hentry"],"_links":{"self":[{"href":"https:\/\/webciudadana.net\/index.php?rest_route=\/wp\/v2\/posts\/51135","targetHints":{"allow":["GET"]}}],"collection":[{"href":"https:\/\/webciudadana.net\/index.php?rest_route=\/wp\/v2\/posts"}],"about":[{"href":"https:\/\/webciudadana.net\/index.php?rest_route=\/wp\/v2\/types\/post"}],"author":[{"embeddable":true,"href":"https:\/\/webciudadana.net\/index.php?rest_route=\/wp\/v2\/users\/1"}],"replies":[{"embeddable":true,"href":"https:\/\/webciudadana.net\/index.php?rest_route=%2Fwp%2Fv2%2Fcomments&post=51135"}],"version-history":[{"count":0,"href":"https:\/\/webciudadana.net\/index.php?rest_route=\/wp\/v2\/posts\/51135\/revisions"}],"wp:attachment":[{"href":"https:\/\/webciudadana.net\/index.php?rest_route=%2Fwp%2Fv2%2Fmedia&parent=51135"}],"wp:term":[{"taxonomy":"category","embeddable":true,"href":"https:\/\/webciudadana.net\/index.php?rest_route=%2Fwp%2Fv2%2Fcategories&post=51135"},{"taxonomy":"post_tag","embeddable":true,"href":"https:\/\/webciudadana.net\/index.php?rest_route=%2Fwp%2Fv2%2Ftags&post=51135"}],"curies":[{"name":"wp","href":"https:\/\/api.w.org\/{rel}","templated":true}]}}