{"id":51143,"date":"2024-03-14T09:07:54","date_gmt":"2024-03-14T08:07:54","guid":{"rendered":"https:\/\/ticker-noticiasep.microcontenidos.com\/NoticiaRSS.vbhtml?user=XRNR562DLR&amp;cod=20240314090754"},"modified":"2024-03-14T09:07:54","modified_gmt":"2024-03-14T08:07:54","slug":"galerias-del-tresillo-impulsa-una-linea-de-compra-que-contrarresta-la-brecha-salarial-femenina","status":"publish","type":"post","link":"https:\/\/webciudadana.net\/?p=51143","title":{"rendered":"Galer\u00edas del Tresillo impulsa una l\u00ednea de compra que contrarresta la brecha salarial femenina"},"content":{"rendered":"\n<div><img decoding=\"async\" src=\"\/wp-content\/uploads\/sites\/2\/2024\/03\/galerias-del-tresillo-impulsa-una-linea-de-compra-que-contrarresta-la-brecha-salarial-femenina.jpg\" class=\"ff-og-image-inserted\"><\/div>\n<p>(Informaci\u00f3n remitida por la empresa firmante)<\/p>\n<p>\nLa Woman Week es una campa\u00f1a en la que la empresa ha invertido m\u00e1s de 100 mil euros<\/p>\n<p>\nTerrassa, 14 de marzo de 2024.- En un esfuerzo pionero, Galer\u00edas del Tresillo establece un nuevo est\u00e1ndar en la lucha contra la brecha de g\u00e9nero en el \u00e1mbito laboral. La empresa da inicio a la Woman Week, una iniciativa que concede de forma exclusiva al colectivo femenino descuentos sustanciales de hasta el 21% en su variada gama de productos, buscando mitigar la desigualdad de ingresos entre hombres y mujeres en Espa\u00f1a.<\/p>\n<p> Seg\u00fan los datos m\u00e1s recientes del Mercado de Trabajo y Pensiones en las Fuentes Tributarias, la brecha salarial ha experimentado una disminuci\u00f3n notable, pasando del 22,60% en 2017 a cifras m\u00e1s alentadoras en la actualidad.<\/p>\n<p> La respuesta ha sido contundente, con un 90% de las clientas benefici\u00e1ndose directamente de los descuentos ofrecidos durante esta campa\u00f1a especial.<\/p>\n<p> \u00abEsta es la tercera edici\u00f3n de la Woman Week, una campa\u00f1a que refuerza nuestro compromiso social con los sectores m\u00e1s vulnerables, en este caso, con el sector femenino. La respuesta positiva de las*clientas confirma la necesidad de iniciativas como estas\u00bb, destaca Valentina Pizzolon, directora de Marketing y Estrategia Digital de Galer\u00edas del Tresillo.<\/p>\n<p> La inversi\u00f3n significativa de m\u00e1s de 100 mil euros en las tres ediciones de la Woman Week refleja el compromiso de la empresa en garantizar la adquisici\u00f3n de productos como sof\u00e1s, sillones, art\u00edculos de descanso y decoraci\u00f3n, equilibrando la desigualdad salarial.<\/p>\n<p> Este a\u00f1o, Galer\u00edas del Tresillo ha adoptado el lema \u00abSI\u00c9NTATE ORGULLOSA\u00bb, rindiendo homenaje a los avances logrados en la lucha por una sociedad m\u00e1s igualitaria. La marca respalda esta acci\u00f3n iluminando sus tiendas en color lila para destacar a\u00fan m\u00e1s esta causa.<\/p>\n<p> La campa\u00f1a, activa hasta el 18 de marzo, invita a las mujeres a aprovechar la oferta mediante el c\u00f3digo WOMAN2024, aplicable en las 21 tiendas f\u00edsicas de Galer\u00edas del Tresillo y en su plataforma online, galeriasdeltresillo.com.<\/p>\n<p> M\u00e1s acciones<\/p>\n<p>\n*Galer\u00edas del Tresillo fortalece su compromiso con la responsabilidad social al participar activamente en diversas iniciativas solidarias. M\u00e1s all\u00e1 de la Woman Week, la empresa ha liderado campa\u00f1as emblem\u00e1ticas, como D\u00cdAS ROSAS, una acci\u00f3n destinada a contribuir con la investigaci\u00f3n contra el c\u00e1ncer de mama. En colaboraci\u00f3n con el Vall d&#8217;Hebron Instituto de Oncolog\u00eda (VHIO), el objetivo era sumar valiosos minutos para respaldar los avances en la lucha contra esta enfermedad.<\/p>\n<p> Adicionalmente, como parte de su enfoque en mejorar las condiciones de los sectores m\u00e1s vulnerables, Galer\u00edas del Tresillo ha realizado significativas donaciones de sof\u00e1s a los pisos gestionados por C\u00e1ritas y destinados a familias monoparentales. Estas donaciones no solo aportan comodidad a los hogares, sino que tambi\u00e9n juegan un papel fundamental en el bienestar y la calidad de vida de aquellos que se encuentran en situaciones de vulnerabilidad social.<\/p>\n<p> Y en un \u00e1mbito de cooperaci\u00f3n internacional, Galer\u00edas del Tresillo ha colaborado de manera significativa en la construcci\u00f3n de una escuela e internado para ni\u00f1as y adolescentes en Uganda, a trav\u00e9s de la ONG Rafiki \u00c1frica.<\/p>\n<p> Contacto<\/p>\n<p>\nNombre contacto: Melissa Silva Franco<\/p>\n<p>\nDescripci\u00f3n contacto: Responsable de Comunicaci\u00f3n<\/p>\n<p>\nTel\u00e9fono de contacto: 93 720 76 31<\/p>\n","protected":false},"excerpt":{"rendered":"<p>(Informaci\u00f3n remitida por la empresa firmante) La Woman Week es una campa\u00f1a en la que la empresa ha invertido m\u00e1s de 100 mil euros Terrassa, 14 de marzo de 2024.- En un esfuerzo pionero, Galer\u00edas del Tresillo establece un nuevo est\u00e1ndar en la lucha contra la brecha de g\u00e9nero en el \u00e1mbito laboral. La empresa [&hellip;]<\/p>\n","protected":false},"author":1,"featured_media":0,"comment_status":"closed","ping_status":"closed","sticky":false,"template":"","format":"standard","meta":{"footnotes":""},"categories":[],"tags":[],"class_list":["post-51143","post","type-post","status-publish","format-standard","hentry"],"_links":{"self":[{"href":"https:\/\/webciudadana.net\/index.php?rest_route=\/wp\/v2\/posts\/51143","targetHints":{"allow":["GET"]}}],"collection":[{"href":"https:\/\/webciudadana.net\/index.php?rest_route=\/wp\/v2\/posts"}],"about":[{"href":"https:\/\/webciudadana.net\/index.php?rest_route=\/wp\/v2\/types\/post"}],"author":[{"embeddable":true,"href":"https:\/\/webciudadana.net\/index.php?rest_route=\/wp\/v2\/users\/1"}],"replies":[{"embeddable":true,"href":"https:\/\/webciudadana.net\/index.php?rest_route=%2Fwp%2Fv2%2Fcomments&post=51143"}],"version-history":[{"count":0,"href":"https:\/\/webciudadana.net\/index.php?rest_route=\/wp\/v2\/posts\/51143\/revisions"}],"wp:attachment":[{"href":"https:\/\/webciudadana.net\/index.php?rest_route=%2Fwp%2Fv2%2Fmedia&parent=51143"}],"wp:term":[{"taxonomy":"category","embeddable":true,"href":"https:\/\/webciudadana.net\/index.php?rest_route=%2Fwp%2Fv2%2Fcategories&post=51143"},{"taxonomy":"post_tag","embeddable":true,"href":"https:\/\/webciudadana.net\/index.php?rest_route=%2Fwp%2Fv2%2Ftags&post=51143"}],"curies":[{"name":"wp","href":"https:\/\/api.w.org\/{rel}","templated":true}]}}