{"id":51148,"date":"2024-03-14T10:01:50","date_gmt":"2024-03-14T09:01:50","guid":{"rendered":"https:\/\/ticker-noticiasep.microcontenidos.com\/NoticiaRSS.vbhtml?user=XRNR562DLR&amp;cod=20240314100150"},"modified":"2024-03-14T10:01:50","modified_gmt":"2024-03-14T09:01:50","slug":"securitas-direct-refuerza-su-compromiso-social-con-la-constitucion-de-fundacion-verisure","status":"publish","type":"post","link":"https:\/\/webciudadana.net\/?p=51148","title":{"rendered":"Securitas Direct refuerza su compromiso social con la constituci\u00f3n de Fundaci\u00f3n Verisure"},"content":{"rendered":"\n<div><img decoding=\"async\" src=\"\/wp-content\/uploads\/sites\/2\/2024\/03\/securitas-direct-refuerza-su-compromiso-social-con-la-constitucion-de-fundacion-verisure.jpg\" class=\"ff-og-image-inserted\"><\/div>\n<p> MADRID, 14 (EUROPA PRESS)<\/p>\n<p> Securitas Direct refuerza su compromiso social con la creaci\u00f3n de la Fundaci\u00f3n Verisure en Espa\u00f1a, que nace con el objetivo de convertirse en una red de conexi\u00f3n entre necesidad y soluci\u00f3n y con el prop\u00f3sito de construir un marco de protecci\u00f3n para las personas m\u00e1s vulnerables y su entorno, seg\u00fan ha informado la compa\u00f1\u00eda en un comunicado.<\/p>\n<p> El patronato de la fundaci\u00f3n est\u00e1 presidido por Antonio Anguita, actual presidente ejecutivo de Securitas Direct-Verisure para Iberia, Italia y Latam, e integrado por Marta Panzano, Chief HR Communications and ESG Officer de Verisure, y los directores de Securitas Direct-Verisure para Iberia, Italia y Latam: \u00c1lvaro V\u00e1zquez (Gesti\u00f3n de Personas), Ana Gargallo (Finanzas) y Laura Gonzalvo (Comunicaci\u00f3n y ESG), mientras que Teresa Cabez\u00f3n ser\u00e1 la responsable de Fundaci\u00f3n Verisure y Rosa Rodr\u00edguez, directora de Asesor\u00eda Jur\u00eddica y Buen Gobierno, ejerce como secretaria.<\/p>\n<p> Este paso forma parte de la estrategia de negocio de Securitas Direct (grupo internacional Verisure), que en los \u00faltimos a\u00f1os ha desplegado un plan de ESG con foco en el apartado social. \u00abCon la constituci\u00f3n de Fundaci\u00f3n Verisure, Secutiras Direct eleva su prop\u00f3sito de generar un impacto social en sus comunidades m\u00e1s cercanas\u00bb, ha explicado la compa\u00f1\u00eda.<\/p>\n<p> La fundaci\u00f3n se centrar\u00e1 en tres colectivos, que han sido el foco de las iniciativas sociales de la compa\u00f1\u00eda: la infancia y juventud, las mujeres, especialmente aquellas afectadas por la violencia de g\u00e9nero, y las personas mayores que experimentan soledad no deseada.<\/p>\n<p>\nAL SERVICIO DE LAS PERSONAS VULNERABLES<\/p>\n<p> En cuanto al desarrollo de sus proyectos, Fundaci\u00f3n Verisure actuar\u00e1 en torno a tres \u00e1mbitos. El \u00e1mbito de la &#8216;educaci\u00f3n e integraci\u00f3n&#8217;, enfocado a brindar apoyo a los menores cuyo entorno es desfavorable para su desarrollo e integraci\u00f3n en la sociedad, incentivando su inclusi\u00f3n laboral. A su vez, pondr\u00e1 el foco en protegerles frente al acoso, fomentando medidas preventivas.<\/p>\n<p> El \u00e1mbito de la &#8216;protecci\u00f3n e inclusi\u00f3n&#8217; de mujeres vulnerables, especialmente aquellas que son v\u00edctimas de violencia de g\u00e9nero, que se centrar\u00e1 en facilitar su reinserci\u00f3n en el mundo laboral como herramienta de independencia econ\u00f3mica, y en sensibilizar a la sociedad sobre la importancia de los valores basados en el respeto por la diversidad, igualdad y tolerancia.<\/p>\n<p> Y, por \u00faltimo, el \u00e1mbito del &#8216;acompa\u00f1amiento y reinserci\u00f3n&#8217;, que tratar\u00e1 de mitigar los problemas derivados de la soledad no deseada a trav\u00e9s de acciones de acompa\u00f1amiento y pondr\u00e1 el foco en facilitar la inclusi\u00f3n laboral del colectivo senior en paro, a trav\u00e9s de la formaci\u00f3n en el entorno digital.<\/p>\n","protected":false},"excerpt":{"rendered":"<p>MADRID, 14 (EUROPA PRESS) Securitas Direct refuerza su compromiso social con la creaci\u00f3n de la Fundaci\u00f3n Verisure en Espa\u00f1a, que nace con el objetivo de convertirse en una red de conexi\u00f3n entre necesidad y soluci\u00f3n y con el prop\u00f3sito de construir un marco de protecci\u00f3n para las personas m\u00e1s vulnerables y su entorno, seg\u00fan ha [&hellip;]<\/p>\n","protected":false},"author":1,"featured_media":0,"comment_status":"closed","ping_status":"closed","sticky":false,"template":"","format":"standard","meta":{"footnotes":""},"categories":[],"tags":[],"class_list":["post-51148","post","type-post","status-publish","format-standard","hentry"],"_links":{"self":[{"href":"https:\/\/webciudadana.net\/index.php?rest_route=\/wp\/v2\/posts\/51148","targetHints":{"allow":["GET"]}}],"collection":[{"href":"https:\/\/webciudadana.net\/index.php?rest_route=\/wp\/v2\/posts"}],"about":[{"href":"https:\/\/webciudadana.net\/index.php?rest_route=\/wp\/v2\/types\/post"}],"author":[{"embeddable":true,"href":"https:\/\/webciudadana.net\/index.php?rest_route=\/wp\/v2\/users\/1"}],"replies":[{"embeddable":true,"href":"https:\/\/webciudadana.net\/index.php?rest_route=%2Fwp%2Fv2%2Fcomments&post=51148"}],"version-history":[{"count":0,"href":"https:\/\/webciudadana.net\/index.php?rest_route=\/wp\/v2\/posts\/51148\/revisions"}],"wp:attachment":[{"href":"https:\/\/webciudadana.net\/index.php?rest_route=%2Fwp%2Fv2%2Fmedia&parent=51148"}],"wp:term":[{"taxonomy":"category","embeddable":true,"href":"https:\/\/webciudadana.net\/index.php?rest_route=%2Fwp%2Fv2%2Fcategories&post=51148"},{"taxonomy":"post_tag","embeddable":true,"href":"https:\/\/webciudadana.net\/index.php?rest_route=%2Fwp%2Fv2%2Ftags&post=51148"}],"curies":[{"name":"wp","href":"https:\/\/api.w.org\/{rel}","templated":true}]}}