{"id":51154,"date":"2024-03-14T12:03:47","date_gmt":"2024-03-14T11:03:47","guid":{"rendered":"https:\/\/ticker-noticiasep.microcontenidos.com\/NoticiaRSS.vbhtml?user=XRNR562DLR&amp;cod=20240314120347"},"modified":"2024-03-14T12:03:47","modified_gmt":"2024-03-14T11:03:47","slug":"nestle-encarga-a-powen-la-gestion-de-su-tercer-parque-solar-fotovoltaico-ubicado-en-badajoz","status":"publish","type":"post","link":"https:\/\/webciudadana.net\/?p=51154","title":{"rendered":"Nestl\u00e9 encarga a Powen la gesti\u00f3n de su tercer parque solar fotovoltaico ubicado en Badajoz"},"content":{"rendered":"\n<div><img decoding=\"async\" src=\"\/wp-content\/uploads\/sites\/2\/2024\/03\/nestle-encarga-a-powen-la-gestion-de-su-tercer-parque-solar-fotovoltaico-ubicado-en-badajoz.jpg\" class=\"ff-og-image-inserted\"><\/div>\n<p> BARCELONA, 14 (EUROPA PRESS)<\/p>\n<p> Nestl\u00e9 ha encargado a la empresa Powen la puesta en marcha de su tercer parque solar fotovoltaico ubicado en la planta embotelladora de Nestl\u00e9 Aquarel, en Herrera del Duque (Badajoz), con el objetivo de \u00abalcanzar las cero emisiones netas de Gases de Efecto Invernadero para 2050\u00bb, informa la compa\u00f1\u00eda este jueves en un comunicado.<\/p>\n<p> Este parque solar fotovoltaico &#8211;que se une a los que la compa\u00f1\u00eda tiene en su f\u00e1brica de caf\u00e9 tostado de Reus (Tarragona) y en la de salsas de tomate de Miajadas (C\u00e1ceres)&#8211; consta de m\u00e1s de 2.100 paneles de \u00faltima generaci\u00f3n con una potencia de 1.100 kW y cuya energ\u00eda se destina al 20% del consumo el\u00e9ctrico actual de la f\u00e1brica.<\/p>\n<p> \u00abAunque en la actualidad ya toda la energ\u00eda comprada por la planta proviene de fuentes renovables, la entrada en funcionamiento de este parque solar fotovoltaico supondr\u00eda evitar a la atm\u00f3sfera la emisi\u00f3n de m\u00e1s de 4.100 toneladas de CO2 al a\u00f1o\u00bb, informa Nestl\u00e9.<\/p>\n<p> El responsable de Sostenibilidad de Nestl\u00e9 Espa\u00f1a, Jordi Aycart, ha calificado de \u00abhito\u00bb este proyecto, que ha enmarcado en los avances en materia de sostenibilidad y medioambiente de la empresa<\/p>\n<p> Por su parte, el director general de Powen, Jos\u00e9 Carlos D\u00edaz Lacaci, ha afirmado que el encargo hecho por Nestl\u00e9 supone \u00abun reconocimiento\u00bb de su empresa en el sector de la eficiencia energ\u00e9tica. <\/p>\n","protected":false},"excerpt":{"rendered":"<p>BARCELONA, 14 (EUROPA PRESS) Nestl\u00e9 ha encargado a la empresa Powen la puesta en marcha de su tercer parque solar fotovoltaico ubicado en la planta embotelladora de Nestl\u00e9 Aquarel, en Herrera del Duque (Badajoz), con el objetivo de \u00abalcanzar las cero emisiones netas de Gases de Efecto Invernadero para 2050\u00bb, informa la compa\u00f1\u00eda este jueves [&hellip;]<\/p>\n","protected":false},"author":1,"featured_media":0,"comment_status":"closed","ping_status":"closed","sticky":false,"template":"","format":"standard","meta":{"footnotes":""},"categories":[],"tags":[],"class_list":["post-51154","post","type-post","status-publish","format-standard","hentry"],"_links":{"self":[{"href":"https:\/\/webciudadana.net\/index.php?rest_route=\/wp\/v2\/posts\/51154","targetHints":{"allow":["GET"]}}],"collection":[{"href":"https:\/\/webciudadana.net\/index.php?rest_route=\/wp\/v2\/posts"}],"about":[{"href":"https:\/\/webciudadana.net\/index.php?rest_route=\/wp\/v2\/types\/post"}],"author":[{"embeddable":true,"href":"https:\/\/webciudadana.net\/index.php?rest_route=\/wp\/v2\/users\/1"}],"replies":[{"embeddable":true,"href":"https:\/\/webciudadana.net\/index.php?rest_route=%2Fwp%2Fv2%2Fcomments&post=51154"}],"version-history":[{"count":0,"href":"https:\/\/webciudadana.net\/index.php?rest_route=\/wp\/v2\/posts\/51154\/revisions"}],"wp:attachment":[{"href":"https:\/\/webciudadana.net\/index.php?rest_route=%2Fwp%2Fv2%2Fmedia&parent=51154"}],"wp:term":[{"taxonomy":"category","embeddable":true,"href":"https:\/\/webciudadana.net\/index.php?rest_route=%2Fwp%2Fv2%2Fcategories&post=51154"},{"taxonomy":"post_tag","embeddable":true,"href":"https:\/\/webciudadana.net\/index.php?rest_route=%2Fwp%2Fv2%2Ftags&post=51154"}],"curies":[{"name":"wp","href":"https:\/\/api.w.org\/{rel}","templated":true}]}}