{"id":51160,"date":"2024-03-14T12:33:28","date_gmt":"2024-03-14T11:33:28","guid":{"rendered":"https:\/\/ticker-noticiasep.microcontenidos.com\/NoticiaRSS.vbhtml?user=XRNR562DLR&amp;cod=20240314123328"},"modified":"2024-03-14T12:33:28","modified_gmt":"2024-03-14T11:33:28","slug":"20-de-marzo-dia-mundial-de-las-artes-escenicas-para-la-infancia-y-la-juventud","status":"publish","type":"post","link":"https:\/\/webciudadana.net\/?p=51160","title":{"rendered":"20 de marzo. D\u00eda Mundial de las Artes Esc\u00e9nicas para la Infancia y la Juventud"},"content":{"rendered":"\n<div><img decoding=\"async\" src=\"\/wp-content\/uploads\/sites\/2\/2024\/03\/20-de-marzo-dia-mundial-de-las-artes-escenicas-para-la-infancia-y-la-juventud.jpg\" class=\"ff-og-image-inserted\"><\/div>\n<p>(Informaci\u00f3n remitida por la empresa firmante)<\/p>\n<p>\nMadrid, 14 de marzo de 2024.-<\/p>\n<p>\nASSITEJ Espa\u00f1a se complace en anunciar la celebraci\u00f3n del D\u00eda Mundial de las Artes Esc\u00e9nicas para la Infancia y la Juventud, que se llevar\u00e1 a cabo el pr\u00f3ximo 20 de marzo.<\/p>\n<p> El D\u00eda Mundial de las Artes Esc\u00e9nicas para la Infancia y la Juventud es una iniciativa de ASSITEJ Internacional para visibilizar la importancia de garantizar el derecho de acceso al arte de ni\u00f1os, ni\u00f1as y j\u00f3venes, celebrada y promovida a trav\u00e9s del mensaje \u00abLleva a un ni\u00f1o al teatro, hoy\u00bb.<\/p>\n<p> Queremos que este d\u00eda sea una celebraci\u00f3n de todas las personas que, de una u otra forma, estamos vinculadas a las artes esc\u00e9nicas, profesionales del sector, pero tambi\u00e9n docentes y, por supuesto, p\u00fablico.<\/p>\n<p> Creemos en el poder del teatro y la interpretaci\u00f3n. Las artes esc\u00e9nicas nos permiten explorar ideas que ampl\u00edan lo que vemos y entendemos a otras partes del cerebro, el coraz\u00f3n y el esp\u00edritu. Nos ofrecen una conexi\u00f3n humana. Inspiran fantas\u00eda e imaginaci\u00f3n. Implican a los j\u00f3venes en un intercambio emp\u00e1tico que permite la transformaci\u00f3n individual y colectiva. Utilizan todas las inteligencias. Recurren a todos los sentidos para crear asombro y estimulan a pensar.<\/p>\n<p> Esto es lo que hacemos, en todo el mundo, donde quiera que se re\u00fanan nuestros miembros, y lo hacemos con conocimientos, habilidad e ingenio. Lo hacemos en las calles y en los grandes teatros, en las escuelas, en los hogares y en los escenarios. Hacemos teatro para, con, por y sobre la infancia y la juventud, dondequiera que est\u00e9n. Los ni\u00f1os, ni\u00f1as y j\u00f3venes necesitan el teatro y el espect\u00e1culo y, debido a su falta de poder, necesitan que los adultos les ayuden a experimentarlo.<\/p>\n<p> ASSITEJ Espa\u00f1a es una entidad cultural sin \u00e1nimo de lucro que trabaja para garantizar el derecho al acceso al arte de ni\u00f1os, ni\u00f1as y j\u00f3venes desde el campo de las artes esc\u00e9nicas. Es miembro fundador y de pleno derecho de la organizaci\u00f3n internacional ASSITEJ, fundada en Par\u00eds en 1965 por el Instituto Internacional de Teatro de la UNESCO como una alianza global de teatro profesional para la infancia y la juventud. Hoy es una red mundial que une a miles de teatros, organizaciones e individuos de m\u00e1s de 90 pa\u00edses.<\/p>\n<p> Mensaje oficial D\u00eda Mundial de las Artes Esc\u00e9nicas para la Infancia y la Juventud<\/p>\n<p>\nde Sue Giles AM, Presidenta de ASSITEJ Internacional: https:\/\/diamundialartesescenicas.com\/es_es\/<\/p>\n<p>\nPara obtener m\u00e1s informaci\u00f3n sobre el D\u00eda Mundial de las Artes Esc\u00e9nicas para la Infancia y la Juventud, visite la web https:\/\/diamundialartesescenica.com\/es_es\/<\/p>\n<p>\nContacto:<\/p>\n<p>\nEulalia Ribera<\/p>\n<p>\npresidenta@assitej.es<\/p>\n<p>\nASSITEJ Espa\u00f1a<\/p>\n<p>\ninfo@assitej.es<\/p>\n<p>\n+34 91 206 17 41<\/p>\n<p>\nPaseo de la Chopera, 14.<\/p>\n<p>\n28045, Madrid<\/p>\n","protected":false},"excerpt":{"rendered":"<p>(Informaci\u00f3n remitida por la empresa firmante) Madrid, 14 de marzo de 2024.- ASSITEJ Espa\u00f1a se complace en anunciar la celebraci\u00f3n del D\u00eda Mundial de las Artes Esc\u00e9nicas para la Infancia y la Juventud, que se llevar\u00e1 a cabo el pr\u00f3ximo 20 de marzo. El D\u00eda Mundial de las Artes Esc\u00e9nicas para la Infancia y la [&hellip;]<\/p>\n","protected":false},"author":1,"featured_media":0,"comment_status":"closed","ping_status":"closed","sticky":false,"template":"","format":"standard","meta":{"footnotes":""},"categories":[],"tags":[],"class_list":["post-51160","post","type-post","status-publish","format-standard","hentry"],"_links":{"self":[{"href":"https:\/\/webciudadana.net\/index.php?rest_route=\/wp\/v2\/posts\/51160","targetHints":{"allow":["GET"]}}],"collection":[{"href":"https:\/\/webciudadana.net\/index.php?rest_route=\/wp\/v2\/posts"}],"about":[{"href":"https:\/\/webciudadana.net\/index.php?rest_route=\/wp\/v2\/types\/post"}],"author":[{"embeddable":true,"href":"https:\/\/webciudadana.net\/index.php?rest_route=\/wp\/v2\/users\/1"}],"replies":[{"embeddable":true,"href":"https:\/\/webciudadana.net\/index.php?rest_route=%2Fwp%2Fv2%2Fcomments&post=51160"}],"version-history":[{"count":0,"href":"https:\/\/webciudadana.net\/index.php?rest_route=\/wp\/v2\/posts\/51160\/revisions"}],"wp:attachment":[{"href":"https:\/\/webciudadana.net\/index.php?rest_route=%2Fwp%2Fv2%2Fmedia&parent=51160"}],"wp:term":[{"taxonomy":"category","embeddable":true,"href":"https:\/\/webciudadana.net\/index.php?rest_route=%2Fwp%2Fv2%2Fcategories&post=51160"},{"taxonomy":"post_tag","embeddable":true,"href":"https:\/\/webciudadana.net\/index.php?rest_route=%2Fwp%2Fv2%2Ftags&post=51160"}],"curies":[{"name":"wp","href":"https:\/\/api.w.org\/{rel}","templated":true}]}}