{"id":51165,"date":"2024-03-14T13:15:48","date_gmt":"2024-03-14T12:15:48","guid":{"rendered":"https:\/\/ticker-noticiasep.microcontenidos.com\/NoticiaRSS.vbhtml?user=XRNR562DLR&amp;cod=20240314131548"},"modified":"2024-03-14T13:15:48","modified_gmt":"2024-03-14T12:15:48","slug":"abierta-la-convocatoria-para-los-premios-seres-a-la-innovacion-y-compromiso-social-de-la-empresa-en-su-15a-edicion","status":"publish","type":"post","link":"https:\/\/webciudadana.net\/?p=51165","title":{"rendered":"Abierta la convocatoria para los Premios SERES a la innovaci\u00f3n y compromiso social de la empresa en su 15\u00aa edici\u00f3n"},"content":{"rendered":"\n<div><img decoding=\"async\" src=\"\/wp-content\/uploads\/sites\/2\/2024\/03\/abierta-la-convocatoria-para-los-premios-seres-a-la-innovacion-y-compromiso-social-de-la-empresa-en-su-15a-edicion.jpg\" class=\"ff-og-image-inserted\"><\/div>\n<p> MADRID, 14 (EUROPA PRESS)<\/p>\n<p> Fundaci\u00f3n SERES ha convocado la decimoquinta edici\u00f3n de sus premios a la innovaci\u00f3n y compromiso social de la empresa, unos galardones que buscan reconocer iniciativas y proyectos empresariales que, formando parte de la estrategia, ayuden a mejorar la sociedad, con un impacto positivo en sus empleados, clientes, proveedores o comunidades en las que operan, casos reales que sirven de inspiraci\u00f3n y animan a otras compa\u00f1\u00edas a esta nueva forma de hacer empresa.<\/p>\n<p> Como recuerda la fundaci\u00f3n, el objetivo de SERES desde su nacimiento ha sido garantizar la visi\u00f3n estrat\u00e9gica de los proyectos y posicionar las actuaciones sociales como iniciativas clave para las organizaciones, capaces de ofrecer valor para la empresa y para la sociedad. Actualmente, cuenta con m\u00e1s de 150 empresas e instituciones que forman parte de este movimiento y asumen este desaf\u00edo social.<\/p>\n<p> Las empresas interesadas en participar deben presentar sus candidaturas antes de las 11.00 horas del 9 de mayo a trav\u00e9s de la web de la fundaci\u00f3n. Las candidaturas deben ser actuaciones o proyectos empresariales que, integrados en la estrategia, contribuyan a lograr una empresa m\u00e1s competitiva y una sociedad m\u00e1s fuerte, teniendo un impacto positivo en los empleados, los clientes, los proveedores o las comunidades en las que opera la compa\u00f1\u00eda (la sociedad en general).<\/p>\n<p> El proceso de inscripci\u00f3n requiere cpmpletar un formulario online y adjuntar un resumen de la actuaci\u00f3n presentada. As\u00ed, el jurado tendr\u00e1 en cuenta el valor social y empresarial, el car\u00e1cter innovador, el impacto en los grupos de inter\u00e9s y la integraci\u00f3n de la actuaci\u00f3n social en la estrategia de la compa\u00f1\u00eda, con independencia del foco social de la empresa.<\/p>\n<p> En anteriores ediciones han sido premiadas iniciativas de Accenture, Acciona, Aig\u00fces de Barcelona, Batec Mobility, BBVA, CaixaBank, Cisco Systems, Cl\u00ednica Rementer\u00eda, Correos, Danone, Disjob, DKV, Ebro Foods, Endesa, Ferrovial, Ford Espa\u00f1a, Fundaci\u00f3n &#8216;La Caixa&#8217;, Fundaci\u00f3n Mapfre, Fundaci\u00f3n Telef\u00f3nica, Grupo Norte, Grupo Siro, Grupo VIPS, ING, Ilunion Hotels, Indra, Infojobs, Kern Pharma, Konecta, L&#8217;Or\u00e9al, McKinsey&amp;Company, MicroBank (La Caixa), MRW, Mutua Madrile\u00f1a, NH Hoteles, Prisa, Repsol y su fundaci\u00f3n, Sogeviso (Sabadell), Supracaf\u00e9, Telef\u00f3nica, Tech\u00f4, Tendam, Redeia, Sacyr y Samsung.<\/p>\n<p> \u00abLos Premios SERES nos han acompa\u00f1ado desde nuestros inicios, hace ya 15 a\u00f1os, porque sostienen nuestra raz\u00f3n de ser: las empresas como l\u00edderes y agentes clave en la mejora de la sociedad. Reconocer a aquellas empresas que miran al largo plazo, sostenibles y estimuladoras del cambio, ha demostrado ser una poderosa herramienta de inspiraci\u00f3n, una fuerza tractora para contagiar a otras compa\u00f1\u00edas a iniciar este camino de la gesti\u00f3n responsable, esta nueva forma de hacer empresa donde las personas est\u00e1n en el centro\u00bb, explica la directora general de Fundaci\u00f3n SERES, Ana Sainz.<\/p>\n<p> Por su parte, el presidente de la Fundaci\u00f3n SERES, Fernando Ruiz, ha hecho a\u00f1adido que \u00abla empresa tiene capacidades para llevar a cabo un reto ambicioso: generar soluciones eficientes, eficaces y escalables al tiempo que sostenibles. La asunci\u00f3n por parte de las empresas del compromiso social y sus estrategias est\u00e1 cada vez m\u00e1s patente en la agenda de los empresarios\u00bb. \u00abEstos premios muestran que es posible abordar los retos sociales, pero hacerlo al mismo tiempo que logra un impacto positivo en la cuenta de resultados\u00bb, ha apostillado.<\/p>\n","protected":false},"excerpt":{"rendered":"<p>MADRID, 14 (EUROPA PRESS) Fundaci\u00f3n SERES ha convocado la decimoquinta edici\u00f3n de sus premios a la innovaci\u00f3n y compromiso social de la empresa, unos galardones que buscan reconocer iniciativas y proyectos empresariales que, formando parte de la estrategia, ayuden a mejorar la sociedad, con un impacto positivo en sus empleados, clientes, proveedores o comunidades en [&hellip;]<\/p>\n","protected":false},"author":1,"featured_media":0,"comment_status":"closed","ping_status":"closed","sticky":false,"template":"","format":"standard","meta":{"footnotes":""},"categories":[],"tags":[],"class_list":["post-51165","post","type-post","status-publish","format-standard","hentry"],"_links":{"self":[{"href":"https:\/\/webciudadana.net\/index.php?rest_route=\/wp\/v2\/posts\/51165","targetHints":{"allow":["GET"]}}],"collection":[{"href":"https:\/\/webciudadana.net\/index.php?rest_route=\/wp\/v2\/posts"}],"about":[{"href":"https:\/\/webciudadana.net\/index.php?rest_route=\/wp\/v2\/types\/post"}],"author":[{"embeddable":true,"href":"https:\/\/webciudadana.net\/index.php?rest_route=\/wp\/v2\/users\/1"}],"replies":[{"embeddable":true,"href":"https:\/\/webciudadana.net\/index.php?rest_route=%2Fwp%2Fv2%2Fcomments&post=51165"}],"version-history":[{"count":0,"href":"https:\/\/webciudadana.net\/index.php?rest_route=\/wp\/v2\/posts\/51165\/revisions"}],"wp:attachment":[{"href":"https:\/\/webciudadana.net\/index.php?rest_route=%2Fwp%2Fv2%2Fmedia&parent=51165"}],"wp:term":[{"taxonomy":"category","embeddable":true,"href":"https:\/\/webciudadana.net\/index.php?rest_route=%2Fwp%2Fv2%2Fcategories&post=51165"},{"taxonomy":"post_tag","embeddable":true,"href":"https:\/\/webciudadana.net\/index.php?rest_route=%2Fwp%2Fv2%2Ftags&post=51165"}],"curies":[{"name":"wp","href":"https:\/\/api.w.org\/{rel}","templated":true}]}}