{"id":51169,"date":"2024-03-14T13:59:55","date_gmt":"2024-03-14T12:59:55","guid":{"rendered":"https:\/\/ticker-noticiasep.microcontenidos.com\/NoticiaRSS.vbhtml?user=XRNR562DLR&amp;cod=20240314135955"},"modified":"2024-03-14T13:59:55","modified_gmt":"2024-03-14T12:59:55","slug":"presentacion-del-gran-premio-de-espana-de-motocross","status":"publish","type":"post","link":"https:\/\/webciudadana.net\/?p=51169","title":{"rendered":"Presentaci\u00f3n del Gran Premio de Espa\u00f1a de Motocross"},"content":{"rendered":"\n<div><img decoding=\"async\" src=\"\/wp-content\/uploads\/sites\/2\/2024\/03\/presentacion-del-gran-premio-de-espana-de-motocross.jpg\" class=\"ff-og-image-inserted\"><\/div>\n<p>(Informaci\u00f3n remitida por la empresa firmante)<\/p>\n<p> El Campeonato del Mundo de Motocross ya ha dado comienzo. En su primera parada, celebrada en Argentina el pasado fin de semana, el campe\u00f3n de 2023, Jorge Prado, se coloc\u00f3 en primera posici\u00f3n dejando muy buenas sensaciones de cara al comienzo de un Mundial apasionante.<\/p>\n<p> Este a\u00f1o, la segunda prueba y la llegada de la caravana mundialista a Europa ser\u00e1 en la Comunidad de Madrid, el pr\u00f3ximo fin de semana del 23 y 24 de marzo. Con todos los pilotos con las espadas en alto, la expectaci\u00f3n no puede ser mayor.<\/p>\n<p> Para conocer todas las novedades de esta nueva edici\u00f3n, el pr\u00f3ximo martes, 19 de marzo, a las 12:00 horas, se realizar\u00e1 la presentaci\u00f3n oficial de la prueba en el Centro Comercial intu Xanad\u00fa, en Arroyomolinos.<\/p>\n<p> El acto contar\u00e1 con la presencia del Director General de Deportes de la Comunidad de Madrid, Alberto Tom\u00e9, el alcalde de Arroyomolinos, Luis Quiroga Toledo, el director general de Lastlap y del evento, Diego Mu\u00f1oz, el gerente de intu Xanad\u00fa, Alexis Mart\u00edn y el presidente de la Real Federaci\u00f3n Motociclista Espa\u00f1ola, Manuel Casado, adem\u00e1s de varios pilotos participantes en la prueba.<\/p>\n<p> DATOS DE LA CONVOCATORIA <\/p>\n<p> Presentaci\u00f3n oficial Gran Premio de Espa\u00f1a de Motocross (Campeonato delMundo de MXGP)<\/p>\n<p> Fecha: martes, 19 de marzo de 2024 (12:00 horas)<\/p>\n<p> Lugar: intu Xanad\u00fa, Arroyomolinos, acceso al SnoZone.<\/p>\n<p> Se ruega confirmaci\u00f3n: media@mxgpspain.com<\/p>\n","protected":false},"excerpt":{"rendered":"<p>(Informaci\u00f3n remitida por la empresa firmante) El Campeonato del Mundo de Motocross ya ha dado comienzo. En su primera parada, celebrada en Argentina el pasado fin de semana, el campe\u00f3n de 2023, Jorge Prado, se coloc\u00f3 en primera posici\u00f3n dejando muy buenas sensaciones de cara al comienzo de un Mundial apasionante. Este a\u00f1o, la segunda [&hellip;]<\/p>\n","protected":false},"author":1,"featured_media":0,"comment_status":"closed","ping_status":"closed","sticky":false,"template":"","format":"standard","meta":{"footnotes":""},"categories":[],"tags":[],"class_list":["post-51169","post","type-post","status-publish","format-standard","hentry"],"_links":{"self":[{"href":"https:\/\/webciudadana.net\/index.php?rest_route=\/wp\/v2\/posts\/51169","targetHints":{"allow":["GET"]}}],"collection":[{"href":"https:\/\/webciudadana.net\/index.php?rest_route=\/wp\/v2\/posts"}],"about":[{"href":"https:\/\/webciudadana.net\/index.php?rest_route=\/wp\/v2\/types\/post"}],"author":[{"embeddable":true,"href":"https:\/\/webciudadana.net\/index.php?rest_route=\/wp\/v2\/users\/1"}],"replies":[{"embeddable":true,"href":"https:\/\/webciudadana.net\/index.php?rest_route=%2Fwp%2Fv2%2Fcomments&post=51169"}],"version-history":[{"count":0,"href":"https:\/\/webciudadana.net\/index.php?rest_route=\/wp\/v2\/posts\/51169\/revisions"}],"wp:attachment":[{"href":"https:\/\/webciudadana.net\/index.php?rest_route=%2Fwp%2Fv2%2Fmedia&parent=51169"}],"wp:term":[{"taxonomy":"category","embeddable":true,"href":"https:\/\/webciudadana.net\/index.php?rest_route=%2Fwp%2Fv2%2Fcategories&post=51169"},{"taxonomy":"post_tag","embeddable":true,"href":"https:\/\/webciudadana.net\/index.php?rest_route=%2Fwp%2Fv2%2Ftags&post=51169"}],"curies":[{"name":"wp","href":"https:\/\/api.w.org\/{rel}","templated":true}]}}