{"id":51174,"date":"2024-03-14T15:25:50","date_gmt":"2024-03-14T14:25:50","guid":{"rendered":"https:\/\/ticker-noticiasep.microcontenidos.com\/NoticiaRSS.vbhtml?user=XRNR562DLR&amp;cod=20240314152550"},"modified":"2024-03-14T15:25:50","modified_gmt":"2024-03-14T14:25:50","slug":"los-biocarburantes-consumidos-en-espana-alcanzaron-en-2022-el-record-de-ahorro-medio-de-emisiones-de-gei","status":"publish","type":"post","link":"https:\/\/webciudadana.net\/?p=51174","title":{"rendered":"Los biocarburantes consumidos en Espa\u00f1a alcanzaron en 2022 el r\u00e9cord de ahorro medio de emisiones de GEI"},"content":{"rendered":"\n<div><img decoding=\"async\" src=\"\/wp-content\/uploads\/sites\/2\/2024\/03\/los-biocarburantes-consumidos-en-espana-alcanzaron-en-2022-el-record-de-ahorro-medio-de-emisiones-de-gei.jpg\" class=\"ff-og-image-inserted\"><\/div>\n<p> MADRID, 14 (EUROPA PRESS)<\/p>\n<p> Los biocarburantes consumidos en Espa\u00f1a en 2022, que ascendieron a 1,7 millones de toneladas, alcanzaron un r\u00e9cord de ahorro medio de emisiones de gases de efecto invernadero, evitando la emisi\u00f3n a la atm\u00f3sfera de 4,65 millones de toneladas, lo que equivale a las emisiones medias anuales por el tubo de escape de 3,3 millones de coches nuevos matriculados en Espa\u00f1a entre 2019 y 2022, seg\u00fan inform\u00f3 APPA Biocarburantes.<\/p>\n<p> El ahorro medio de emisiones con respecto a los combustibles f\u00f3siles sustituidos alcanz\u00f3 el 81,7%, la cifra m\u00e1s elevada conseguida hasta ahora en Espa\u00f1a, seg\u00fan los \u00faltimos datos oficiales del Ministerio para la Transici\u00f3n Ecol\u00f3gica y el Reto Demogr\u00e1fico.<\/p>\n<p> Esta cifra supera as\u00ed y mantiene la tendencia al alza que se viene registrando en los \u00faltimos a\u00f1os. As\u00ed, en 2020 alcanz\u00f3 el 72,1% y en 2021 el 77,3%.<\/p>\n<p> El presidente de APPA Biocarburantes, \u00c1lvaro Mitjans, consider\u00f3 que estas cifras ponen de manifiesto no s\u00f3lo la importante contribuci\u00f3n que los biocarburantes ya est\u00e1n realizando a la descarbonizaci\u00f3n del transporte en Espa\u00f1a, \u00absino tambi\u00e9n los ahorros adicionales de emisiones que podr\u00edan generar si se aumentaran los objetivos de biocarburantes actualmente previstos en el Plan Nacional Integrado de Energ\u00eda y Clima (PNIEC) hasta 2030, una medida que seguimos reclamando al Ministerio\u00bb.<\/p>\n","protected":false},"excerpt":{"rendered":"<p>MADRID, 14 (EUROPA PRESS) Los biocarburantes consumidos en Espa\u00f1a en 2022, que ascendieron a 1,7 millones de toneladas, alcanzaron un r\u00e9cord de ahorro medio de emisiones de gases de efecto invernadero, evitando la emisi\u00f3n a la atm\u00f3sfera de 4,65 millones de toneladas, lo que equivale a las emisiones medias anuales por el tubo de escape [&hellip;]<\/p>\n","protected":false},"author":1,"featured_media":0,"comment_status":"closed","ping_status":"closed","sticky":false,"template":"","format":"standard","meta":{"footnotes":""},"categories":[],"tags":[],"class_list":["post-51174","post","type-post","status-publish","format-standard","hentry"],"_links":{"self":[{"href":"https:\/\/webciudadana.net\/index.php?rest_route=\/wp\/v2\/posts\/51174","targetHints":{"allow":["GET"]}}],"collection":[{"href":"https:\/\/webciudadana.net\/index.php?rest_route=\/wp\/v2\/posts"}],"about":[{"href":"https:\/\/webciudadana.net\/index.php?rest_route=\/wp\/v2\/types\/post"}],"author":[{"embeddable":true,"href":"https:\/\/webciudadana.net\/index.php?rest_route=\/wp\/v2\/users\/1"}],"replies":[{"embeddable":true,"href":"https:\/\/webciudadana.net\/index.php?rest_route=%2Fwp%2Fv2%2Fcomments&post=51174"}],"version-history":[{"count":0,"href":"https:\/\/webciudadana.net\/index.php?rest_route=\/wp\/v2\/posts\/51174\/revisions"}],"wp:attachment":[{"href":"https:\/\/webciudadana.net\/index.php?rest_route=%2Fwp%2Fv2%2Fmedia&parent=51174"}],"wp:term":[{"taxonomy":"category","embeddable":true,"href":"https:\/\/webciudadana.net\/index.php?rest_route=%2Fwp%2Fv2%2Fcategories&post=51174"},{"taxonomy":"post_tag","embeddable":true,"href":"https:\/\/webciudadana.net\/index.php?rest_route=%2Fwp%2Fv2%2Ftags&post=51174"}],"curies":[{"name":"wp","href":"https:\/\/api.w.org\/{rel}","templated":true}]}}