{"id":51178,"date":"2024-03-14T17:11:28","date_gmt":"2024-03-14T16:11:28","guid":{"rendered":"https:\/\/ticker-noticiasep.microcontenidos.com\/NoticiaRSS.vbhtml?user=XRNR562DLR&amp;cod=20240314171128"},"modified":"2024-03-14T17:11:28","modified_gmt":"2024-03-14T16:11:28","slug":"las-jornadas-laboratorio-social-analizan-el-establecimiento-de-itinerarios-de-integracion-social-desde-la-innovacion","status":"publish","type":"post","link":"https:\/\/webciudadana.net\/?p=51178","title":{"rendered":"Las jornadas &#8216;Laboratorio Social&#8217; analizan el establecimiento de itinerarios de integraci\u00f3n social desde la innovaci\u00f3n"},"content":{"rendered":"\n<div><img decoding=\"async\" src=\"\/wp-content\/uploads\/sites\/2\/2024\/03\/las-jornadas-laboratorio-social-analizan-el-establecimiento-de-itinerarios-de-integracion-social-desde-la-innovacion.jpg\" class=\"ff-og-image-inserted\"><\/div>\n<p> MURCIA, 14 (EUROPA PRESS) <\/p>\n<p> La Fundaci\u00f3n Cepaim ha organizado las jornadas del Laboratorio Social &#8216;La Inclusi\u00f3n desde la Innovaci\u00f3n&#8217; en las que se ha abordado el establecimiento de itinerarios de inclusi\u00f3n social para mujeres migrantes que complementen las prestaciones econ\u00f3micas como el Ingreso M\u00ednimo Vital, con el fin de luchar contra las desigualdades sociales.<\/p>\n<p> Las jornadas han contado con el apoyo del Ministerio de Inclusi\u00f3n y la colaboraci\u00f3n de la Universidad de Murcia (UMU), seg\u00fan informaron fuentes de la organizaci\u00f3n en un comunicado.<\/p>\n<p> En la jornada ha participado el subdirector general Adjunto SG Pol\u00edticas de Inclusi\u00f3n del Ministerio de Inclusi\u00f3n, Seguridad Social y Migraciones, Jes\u00fas Prado; el director general de la Fundaci\u00f3n Cepaim, Juan Antonio Segura; el presidente de la Federaci\u00f3n de Municipios de la Regi\u00f3n de Murcia, J. V\u00edctor Manuel L\u00f3pez; y el vicerrector de Responsabilidad Social de la UMU, el profesor Longinos Mar\u00edn.<\/p>\n<p> En la ponencia, titulada &#8216;Laboratorio innovaci\u00f3n social y metodolog\u00eda de evaluaci\u00f3n de impacto&#8217;, han analizado la situaci\u00f3n de las intervenciones sociales Prado, de la Subdirecci\u00f3n General Adjunta, SG Pol\u00edticas de Inclusi\u00f3n, y Ana Garc\u00eda, de J-Pal Europa (Comit\u00e9 Asesor Ministerio Inclusi\u00f3n, Seguridad Social y Migraciones).<\/p>\n<p> Por su parte, el investigador principal grupo RSC e innovaci\u00f3n social del Ministerio de Inclusi\u00f3n, V\u00edctor Meseguer, ha descrito el contexto actual en la Mesa Redonda sobre Academia e Innovaci\u00f3n Social.<\/p>\n<p> Las jornadas &#8216;Laboratorio Social&#8217; analizan el establecimiento de itinerarios de integraci\u00f3n social desde la innovaci\u00f3n para mujeres migrantes.<\/p>\n","protected":false},"excerpt":{"rendered":"<p>MURCIA, 14 (EUROPA PRESS) La Fundaci\u00f3n Cepaim ha organizado las jornadas del Laboratorio Social &#8216;La Inclusi\u00f3n desde la Innovaci\u00f3n&#8217; en las que se ha abordado el establecimiento de itinerarios de inclusi\u00f3n social para mujeres migrantes que complementen las prestaciones econ\u00f3micas como el Ingreso M\u00ednimo Vital, con el fin de luchar contra las desigualdades sociales. Las [&hellip;]<\/p>\n","protected":false},"author":1,"featured_media":0,"comment_status":"closed","ping_status":"closed","sticky":false,"template":"","format":"standard","meta":{"footnotes":""},"categories":[],"tags":[],"class_list":["post-51178","post","type-post","status-publish","format-standard","hentry"],"_links":{"self":[{"href":"https:\/\/webciudadana.net\/index.php?rest_route=\/wp\/v2\/posts\/51178","targetHints":{"allow":["GET"]}}],"collection":[{"href":"https:\/\/webciudadana.net\/index.php?rest_route=\/wp\/v2\/posts"}],"about":[{"href":"https:\/\/webciudadana.net\/index.php?rest_route=\/wp\/v2\/types\/post"}],"author":[{"embeddable":true,"href":"https:\/\/webciudadana.net\/index.php?rest_route=\/wp\/v2\/users\/1"}],"replies":[{"embeddable":true,"href":"https:\/\/webciudadana.net\/index.php?rest_route=%2Fwp%2Fv2%2Fcomments&post=51178"}],"version-history":[{"count":0,"href":"https:\/\/webciudadana.net\/index.php?rest_route=\/wp\/v2\/posts\/51178\/revisions"}],"wp:attachment":[{"href":"https:\/\/webciudadana.net\/index.php?rest_route=%2Fwp%2Fv2%2Fmedia&parent=51178"}],"wp:term":[{"taxonomy":"category","embeddable":true,"href":"https:\/\/webciudadana.net\/index.php?rest_route=%2Fwp%2Fv2%2Fcategories&post=51178"},{"taxonomy":"post_tag","embeddable":true,"href":"https:\/\/webciudadana.net\/index.php?rest_route=%2Fwp%2Fv2%2Ftags&post=51178"}],"curies":[{"name":"wp","href":"https:\/\/api.w.org\/{rel}","templated":true}]}}