{"id":51182,"date":"2024-03-14T18:18:49","date_gmt":"2024-03-14T17:18:49","guid":{"rendered":"https:\/\/ticker-noticiasep.microcontenidos.com\/NoticiaRSS.vbhtml?user=XRNR562DLR&amp;cod=20240314181849"},"modified":"2024-03-14T18:18:49","modified_gmt":"2024-03-14T17:18:49","slug":"endesa-y-club-de-excelencia-en-sostenibilidad-lanzan-la-ii-edicion-de-su-guia-para-la-gestion-del-co2-en-la-empresa","status":"publish","type":"post","link":"https:\/\/webciudadana.net\/?p=51182","title":{"rendered":"Endesa y Club de Excelencia en Sostenibilidad lanzan la II edici\u00f3n de su gu\u00eda para la gesti\u00f3n del CO2 en la empresa"},"content":{"rendered":"\n<div><img decoding=\"async\" src=\"\/wp-content\/uploads\/sites\/2\/2024\/03\/endesa-y-club-de-excelencia-en-sostenibilidad-lanzan-la-ii-edicion-de-su-guia-para-la-gestion-del-co2-en-la-empresa.jpg\" class=\"ff-og-image-inserted\"><\/div>\n<p> MADRID, 14 (EUROPA PRESS)<\/p>\n<p> Endesa y el Club de Excelencia en Sostenibilidad han presentado este jueves la segunda edici\u00f3n de la &#8216;Gu\u00eda de Buenas Pr\u00e1cticas para la Gesti\u00f3n del CO2 en la Empresa&#8217;, elaborada con la colaboraci\u00f3n de Greemko.<\/p>\n<p> En el acto de presentaci\u00f3n, el director Generaci\u00f3n de Relaciones Institucionales y Regulaci\u00f3n de Endesa, Jos\u00e9 Casas, ha destacado que el documento recoge la actualidad en materia de cambio clim\u00e1tico y pretende servir de inspiraci\u00f3n a las empresas que operan en Espa\u00f1a para que materialicen su compromiso con la descarbonizaci\u00f3n.<\/p>\n<p> En este sentido, el objetivo de la gu\u00eda es \u00abdar las claves\u00bb para que grandes y peque\u00f1as empresas aprendan a gestionar \u00abde forma eficaz\u00bb su huella de carbono, tanto en su medici\u00f3n como en su gesti\u00f3n por lo que este documento \u00ables ayudar\u00e1 a la larga a gestionar los riesgos y oportunidades con relaci\u00f3n a los Gases de Efecto Invernadero (GEI)\u00bb para \u00abincorporar el &#8216;componente carbono&#8217; a la toma de decisiones\u00bb.<\/p>\n<p> La nueva edici\u00f3n de 2024 de la gu\u00eda supone una actualizaci\u00f3n de la ya publicada y presentada en mayo de 2018, donde se ha actualizado \u00abno solo la parte de contexto y legislaci\u00f3n, sino tambi\u00e9n la metodolog\u00eda con todos los cambios sucedidos en estos a\u00f1os\u00bb.<\/p>\n<p> Endesa y el Club de Excelencia en Sostenibilidad han destacado que, aunque \u00abla mayor parte de las compa\u00f1\u00edas ya contemplan estrategias y planes de actuaci\u00f3n contra el cambio clim\u00e1tico\u00bb, el c\u00e1lculo de la huella de carbono se constituye como una \u00abherramienta fundamental\u00bb para conocer las emisiones de GEI y poder realizar una \u00abcorrecta gesti\u00f3n\u00bb de las mismas a trav\u00e9s de \u00abplanes enfocados a las mayores fuentes de emisi\u00f3n\u00bb.<\/p>\n<p> La \u00faltima parte del evento ha estado dedicada a las buenas pr\u00e1cticas empresariales en materia de lucha contra el cambio clim\u00e1tico y ha contado con la presentaci\u00f3n del proyecto &#8216;Precio Interno de Carbono&#8217; (PIC) de Endesa, una iniciativa que sirve para calcular y poner precio a las emisiones de CO2 de la compa\u00f1\u00eda como consecuencia de las actividades del d\u00eda a d\u00eda de sus empleados, \u00abtanto a nivel individual como colectivo\u00bb, seg\u00fan la compa\u00f1\u00eda.<\/p>\n<p> En la gu\u00eda tambi\u00e9n pueden encontrarse distintos ejemplos de iniciativas empresariales como el mencionado proyecto Precio Interno de Carbono (PIC) de Endesa. Tambi\u00e9n incluye las pr\u00e1cticas de otras entidades como Abb; Accenture; Aldi; Aqualia; Bayer; Cabify; Coca-Cola Europacific Partners; DKV; FCC; Grupo Lactalis; Henkel; Nacex; Isover Saint-Gobain; Sanitas; Unilever y Vodafone Espa\u00f1a.<\/p>\n","protected":false},"excerpt":{"rendered":"<p>MADRID, 14 (EUROPA PRESS) Endesa y el Club de Excelencia en Sostenibilidad han presentado este jueves la segunda edici\u00f3n de la &#8216;Gu\u00eda de Buenas Pr\u00e1cticas para la Gesti\u00f3n del CO2 en la Empresa&#8217;, elaborada con la colaboraci\u00f3n de Greemko. En el acto de presentaci\u00f3n, el director Generaci\u00f3n de Relaciones Institucionales y Regulaci\u00f3n de Endesa, Jos\u00e9 [&hellip;]<\/p>\n","protected":false},"author":1,"featured_media":0,"comment_status":"closed","ping_status":"closed","sticky":false,"template":"","format":"standard","meta":{"footnotes":""},"categories":[],"tags":[],"class_list":["post-51182","post","type-post","status-publish","format-standard","hentry"],"_links":{"self":[{"href":"https:\/\/webciudadana.net\/index.php?rest_route=\/wp\/v2\/posts\/51182","targetHints":{"allow":["GET"]}}],"collection":[{"href":"https:\/\/webciudadana.net\/index.php?rest_route=\/wp\/v2\/posts"}],"about":[{"href":"https:\/\/webciudadana.net\/index.php?rest_route=\/wp\/v2\/types\/post"}],"author":[{"embeddable":true,"href":"https:\/\/webciudadana.net\/index.php?rest_route=\/wp\/v2\/users\/1"}],"replies":[{"embeddable":true,"href":"https:\/\/webciudadana.net\/index.php?rest_route=%2Fwp%2Fv2%2Fcomments&post=51182"}],"version-history":[{"count":0,"href":"https:\/\/webciudadana.net\/index.php?rest_route=\/wp\/v2\/posts\/51182\/revisions"}],"wp:attachment":[{"href":"https:\/\/webciudadana.net\/index.php?rest_route=%2Fwp%2Fv2%2Fmedia&parent=51182"}],"wp:term":[{"taxonomy":"category","embeddable":true,"href":"https:\/\/webciudadana.net\/index.php?rest_route=%2Fwp%2Fv2%2Fcategories&post=51182"},{"taxonomy":"post_tag","embeddable":true,"href":"https:\/\/webciudadana.net\/index.php?rest_route=%2Fwp%2Fv2%2Ftags&post=51182"}],"curies":[{"name":"wp","href":"https:\/\/api.w.org\/{rel}","templated":true}]}}