{"id":51188,"date":"2024-03-15T09:23:23","date_gmt":"2024-03-15T08:23:23","guid":{"rendered":"https:\/\/ticker-noticiasep.microcontenidos.com\/NoticiaRSS.vbhtml?user=XRNR562DLR&amp;cod=20240315092323"},"modified":"2024-03-15T09:23:23","modified_gmt":"2024-03-15T08:23:23","slug":"el-valle-del-jerte-ya-esta-en-floracion-dando-comienzo-a-la-campana-de-cereza-y-picota","status":"publish","type":"post","link":"https:\/\/webciudadana.net\/?p=51188","title":{"rendered":"El Valle del Jerte ya est\u00e1 en floraci\u00f3n, dando comienzo a la campa\u00f1a de cereza y picota"},"content":{"rendered":"\n<div><img decoding=\"async\" src=\"\/wp-content\/uploads\/sites\/2\/2024\/03\/el-valle-del-jerte-ya-esta-en-floracion-dando-comienzo-a-la-campana-de-cereza-y-picota.jpg\" class=\"ff-og-image-inserted\"><\/div>\n<p>(Informaci\u00f3n remitida por la empresa firmante)<\/p>\n<p>\n-Los dos millones de cerezos ya est\u00e1n floreciendo, lo que significa que las cerezas y las picotas llegar\u00e1n en las pr\u00f3ximas semanas<\/p>\n<p>\n-La Denominaci\u00f3n de Origen Protegida Cereza del Jerte est\u00e1 \u00abexpectante\u00bb ante esta campa\u00f1a y espera que sea mejor que la anterior<\/p>\n<p>\nValle del Jerte, 15 de marzo de 2024.- Los dos millones de cerezos del Valle del Jerte ya est\u00e1n floreciendo. Desde este momento y durante los pr\u00f3ximos d\u00edas, las laderas del Valle se ti\u00f1en de blanco, dando lugar a uno de los espect\u00e1culos m\u00e1s famosos de la primavera. Es el pistoletazo de salida para la campa\u00f1a de la Denominaci\u00f3n de Origen Protegida Cereza del Jerte, lo que significa que las cerezas y las picotas llegar\u00e1n en pocas semanas.<\/p>\n<p> La D.O.P Cereza del Jerte est\u00e1 \u00abexpectante por esta campa\u00f1a, tras el mal sabor de boca de la del a\u00f1o pasado, cuando se perdi\u00f3 un 60% del producto por culpa de las lluvias\u00bb, seg\u00fan ha explicado el presidente de la D.O.P, Jos\u00e9 Antonio Tierno. \u00abEstamos esperanzados y esperamos que esta campa\u00f1a vaya mejor\u00bb, ha concluido.*<\/p>\n<p>\nLa floraci\u00f3n va un poco m\u00e1s adelantada de lo que es habitual por estas fechas. El r\u00e9gimen de lluvias de los \u00faltimos meses ha sido medio-alto, pero ha ido acompa\u00f1ado de temperaturas muy irregulares.<\/p>\n<p> Los cerezos del Valle del Jerte, situado en el norte de Extremadura, se cultivan en bancales de las monta\u00f1as del Jerte, siguiendo una tradici\u00f3n familiar de siglos, dentro de un entorno \u00fanico y con microclima. \u00abEstas condiciones dan lugar a unas cerezas de gran calidad, as\u00ed como a la picota del Jerte, una variedad originaria del Valle\u00bb, ha se\u00f1alado Tierno.<\/p>\n<p> La D.O.P se marca como uno de sus principales objetivos incidir ante el consumidor en la diferencia existente entre cereza y picota. \u00abLa picota es una variedad determinada que se produce de manera casi exclusiva en el Jerte. Es una especie que se desprende del \u00e1rbol sin rabito y destaca por su calidad, su textura crujiente, su sabor dulce, su color oscuro y su menor tama\u00f1o. Para identificarlas hay que buscar el sello de garant\u00eda de la Denominaci\u00f3n de Origen Protegida que certifica el producto\u00bb, ha explicado el presidente.<\/p>\n<p> Su cultivo natural y su recogida de manera tradicional multiplican sus propiedades y permiten que lleguen a los mercados en el momento \u00f3ptimo para su consumo. Estos frutos son una buena fuente de salud porque contienen ocho vitaminas, hierro, magnesio, calcio, una gran cantidad de antioxidantes y fibra.<\/p>\n<p> Las cerezas y picotas del Jerte son productos cada vez m\u00e1s demandados, tanto en el mercado nacional, como en el internacional, sobre todo en Reino Unido.<\/p>\n<p> La Fiesta del Cerezo en Flor da la bienvenida a la primavera<\/p>\n<p>\nLa floraci\u00f3n se enmarca dentro de la Fiesta del Cerezo en Flor del Valle del Jerte, una celebraci\u00f3n popular que trata de reflejar la vida de una comarca. El acto inaugural tendr\u00e1 lugar el 22 de marzo en la localidad de Piornal.<\/p>\n<p> Esta fiesta, declarada de Inter\u00e9s Tur\u00edstico Nacional, supone la bienvenida a la primavera, y es una cita de referencia para los amantes de la naturaleza y del medio rural.<\/p>\n<p> Hasta la clausura en Cabezuela del Valle se ofrecer\u00e1n al visitante actividades culturales y gastron\u00f3micas, como rutas de senderistas, actuaciones musicales, comidas populares, exposiciones, mercadillos, entre otras.<\/p>\n<p> Consejo Regulador de la Denominaci\u00f3n de Origen Protegida Cereza del Jerte<\/p>\n<p>\nEl Consejo Regulador de Denominaci\u00f3n de Origen Protegida Cereza del Jerte es una entidad que trabaja para promocionar y certificar el origen y la calidad de los productos protegidos.<\/p>\n<p> Europa Press Comunicaci\u00f3n: 91 359 26 00<\/p>\n<p>\nIc\u00edar D\u00edaz iciardiaz@europapress.es<\/p>\n<p>\nSusana Sedano susanasedano@europapress.es<\/p>\n<p>\nVirginia Garc\u00eda virginiagarcia@europapress.es<\/p>\n<p>\nConsejo Regulador D.O.P. Cereza del Jerte: 927 47 11 01\/03<\/p>\n<p>\nF\u00e1tima L\u00f3pez-Santamar\u00eda Nogales picota@cerezadeljerte.org*<\/p>\n<p>\nwww.cerezadeljerte.org**<\/p>\n","protected":false},"excerpt":{"rendered":"<p>(Informaci\u00f3n remitida por la empresa firmante) -Los dos millones de cerezos ya est\u00e1n floreciendo, lo que significa que las cerezas y las picotas llegar\u00e1n en las pr\u00f3ximas semanas -La Denominaci\u00f3n de Origen Protegida Cereza del Jerte est\u00e1 \u00abexpectante\u00bb ante esta campa\u00f1a y espera que sea mejor que la anterior Valle del Jerte, 15 de marzo [&hellip;]<\/p>\n","protected":false},"author":1,"featured_media":0,"comment_status":"closed","ping_status":"closed","sticky":false,"template":"","format":"standard","meta":{"footnotes":""},"categories":[],"tags":[],"class_list":["post-51188","post","type-post","status-publish","format-standard","hentry"],"_links":{"self":[{"href":"https:\/\/webciudadana.net\/index.php?rest_route=\/wp\/v2\/posts\/51188","targetHints":{"allow":["GET"]}}],"collection":[{"href":"https:\/\/webciudadana.net\/index.php?rest_route=\/wp\/v2\/posts"}],"about":[{"href":"https:\/\/webciudadana.net\/index.php?rest_route=\/wp\/v2\/types\/post"}],"author":[{"embeddable":true,"href":"https:\/\/webciudadana.net\/index.php?rest_route=\/wp\/v2\/users\/1"}],"replies":[{"embeddable":true,"href":"https:\/\/webciudadana.net\/index.php?rest_route=%2Fwp%2Fv2%2Fcomments&post=51188"}],"version-history":[{"count":0,"href":"https:\/\/webciudadana.net\/index.php?rest_route=\/wp\/v2\/posts\/51188\/revisions"}],"wp:attachment":[{"href":"https:\/\/webciudadana.net\/index.php?rest_route=%2Fwp%2Fv2%2Fmedia&parent=51188"}],"wp:term":[{"taxonomy":"category","embeddable":true,"href":"https:\/\/webciudadana.net\/index.php?rest_route=%2Fwp%2Fv2%2Fcategories&post=51188"},{"taxonomy":"post_tag","embeddable":true,"href":"https:\/\/webciudadana.net\/index.php?rest_route=%2Fwp%2Fv2%2Ftags&post=51188"}],"curies":[{"name":"wp","href":"https:\/\/api.w.org\/{rel}","templated":true}]}}