{"id":51190,"date":"2024-03-15T10:11:57","date_gmt":"2024-03-15T09:11:57","guid":{"rendered":"https:\/\/ticker-noticiasep.microcontenidos.com\/NoticiaRSS.vbhtml?user=XRNR562DLR&amp;cod=20240315101157"},"modified":"2024-03-15T10:11:57","modified_gmt":"2024-03-15T09:11:57","slug":"cava-jaume-serra-gran-reserva-elegido-el-mejor-cava-en-el-prestigioso-concurso-mundus-vini","status":"publish","type":"post","link":"https:\/\/webciudadana.net\/?p=51190","title":{"rendered":"Cava Jaume Serra Gran Reserva elegido el mejor Cava en el prestigioso concurso Mundus Vini"},"content":{"rendered":"\n<div><img decoding=\"async\" src=\"\/wp-content\/uploads\/sites\/2\/2024\/03\/cava-jaume-serra-gran-reserva-elegido-el-mejor-cava-en-el-prestigioso-concurso-mundus-vini.jpg\" class=\"ff-og-image-inserted\"><\/div>\n<p>(Informaci\u00f3n remitida por la empresa firmante)<\/p>\n<p>\nMadrid, 15 de marzo de 2024.-<\/p>\n<p>\nGARC\u00cdA CARRI\u00d3N, la bodega familiar con m\u00e1s de 130 a\u00f1os de historia, contin\u00faa dejando su huella en el mundo del vino en el prestigioso concurso Mundus Vini, celebrado en Alemania. Al obtener el codiciado premio Mejor Cava del Concurso para su Cava Gran Reserva Chardonnay 2018.<\/p>\n<p> Mundus Vini, el prestigioso certamen en el universo vin\u00edcola destaca por la meticulosa evaluaci\u00f3n de muestras por un panel de expertos catadores. Tras un r\u00edgido y exhaustivo proceso de cata donde numerosos jueces de fama mundial, el Cava Gran Reserva Chardonnay 2018 es reconocido como el Mejor Cava del Concurso, un testimonio de la dedicaci\u00f3n y la maestr\u00eda del equipo en la elaboraci\u00f3n de vinos excepcionales.<\/p>\n<p> El \u00e9xito de GARC\u00cdA CARRI\u00d3N no solo radica en su excepcional calidad de vinos, sino tambi\u00e9n en los valores que impulsan su trabajo. El esfuerzo, el cari\u00f1o y la dedicaci\u00f3n de esta empresa familiar, junto con su compromiso con la constante innovaci\u00f3n, calidad y sostenibilidad, han llevado a que los vinos espa\u00f1oles de la bodega sean reconocidos en todos los rincones del mundo.<\/p>\n<p> Detr\u00e1s de este \u00e9xito se encuentra una s\u00f3lida red de apoyo. Con m\u00e1s de 40.000 agricultores respaldando su labor, GARC\u00cdA CARRI\u00d3N se enorgullece de ser la primera bodega de Europa y la cuarta del mundo.<\/p>\n<p> Emisor: GARC\u00cdA CARRI\u00d3N<\/p>\n<p>\nM\u00e1s informaci\u00f3n:<\/p>\n<p>\ncomunicacion@jgc.es<\/p>\n","protected":false},"excerpt":{"rendered":"<p>(Informaci\u00f3n remitida por la empresa firmante) Madrid, 15 de marzo de 2024.- GARC\u00cdA CARRI\u00d3N, la bodega familiar con m\u00e1s de 130 a\u00f1os de historia, contin\u00faa dejando su huella en el mundo del vino en el prestigioso concurso Mundus Vini, celebrado en Alemania. Al obtener el codiciado premio Mejor Cava del Concurso para su Cava Gran [&hellip;]<\/p>\n","protected":false},"author":1,"featured_media":0,"comment_status":"closed","ping_status":"closed","sticky":false,"template":"","format":"standard","meta":{"footnotes":""},"categories":[],"tags":[],"class_list":["post-51190","post","type-post","status-publish","format-standard","hentry"],"_links":{"self":[{"href":"https:\/\/webciudadana.net\/index.php?rest_route=\/wp\/v2\/posts\/51190","targetHints":{"allow":["GET"]}}],"collection":[{"href":"https:\/\/webciudadana.net\/index.php?rest_route=\/wp\/v2\/posts"}],"about":[{"href":"https:\/\/webciudadana.net\/index.php?rest_route=\/wp\/v2\/types\/post"}],"author":[{"embeddable":true,"href":"https:\/\/webciudadana.net\/index.php?rest_route=\/wp\/v2\/users\/1"}],"replies":[{"embeddable":true,"href":"https:\/\/webciudadana.net\/index.php?rest_route=%2Fwp%2Fv2%2Fcomments&post=51190"}],"version-history":[{"count":0,"href":"https:\/\/webciudadana.net\/index.php?rest_route=\/wp\/v2\/posts\/51190\/revisions"}],"wp:attachment":[{"href":"https:\/\/webciudadana.net\/index.php?rest_route=%2Fwp%2Fv2%2Fmedia&parent=51190"}],"wp:term":[{"taxonomy":"category","embeddable":true,"href":"https:\/\/webciudadana.net\/index.php?rest_route=%2Fwp%2Fv2%2Fcategories&post=51190"},{"taxonomy":"post_tag","embeddable":true,"href":"https:\/\/webciudadana.net\/index.php?rest_route=%2Fwp%2Fv2%2Ftags&post=51190"}],"curies":[{"name":"wp","href":"https:\/\/api.w.org\/{rel}","templated":true}]}}