{"id":51194,"date":"2024-03-15T12:10:24","date_gmt":"2024-03-15T11:10:24","guid":{"rendered":"https:\/\/ticker-noticiasep.microcontenidos.com\/NoticiaRSS.vbhtml?user=XRNR562DLR&amp;cod=20240315121024"},"modified":"2024-03-15T12:10:24","modified_gmt":"2024-03-15T11:10:24","slug":"fundacion-aon-y-fundacion-integra-renuevan-su-acuerdo-para-mejorar-la-empleabilidad-de-diez-personas-vulnerables","status":"publish","type":"post","link":"https:\/\/webciudadana.net\/?p=51194","title":{"rendered":"Fundaci\u00f3n AON y Fundaci\u00f3n Integra renuevan su acuerdo para mejorar la empleabilidad de diez personas vulnerables"},"content":{"rendered":"\n<div><img decoding=\"async\" src=\"\/wp-content\/uploads\/sites\/2\/2024\/03\/fundacion-aon-y-fundacion-integra-renuevan-su-acuerdo-para-mejorar-la-empleabilidad-de-diez-personas-vulnerables.jpg\" class=\"ff-og-image-inserted\"><\/div>\n<p> MADRID, 15 (EUROPA PRESS)<\/p>\n<p> Fundaci\u00f3n AON y Fundaci\u00f3n Integra han renovado su colaboraci\u00f3n con la puesta en marcha de la VII edici\u00f3n del proyecto &#8216;Abriendo un futuro&#8217;, que busca mejorar la empleabilidad de diez personas en exclusi\u00f3n social.<\/p>\n<p> Desde 2018, ambas entidades colaboran juntas en este proyecto en el que han participado 49 personas, de las cuales, seg\u00fan han indicado, un 88% ha conseguido incorporarse al mercado laboral.<\/p>\n<p> En concreto, con el proyecto &#8216;Abriendo un futuro&#8217;, Fundaci\u00f3n AON busca promover las \u00absegundas oportunidades\u00bb a las personas m\u00e1s vulnerables de la sociedad, con \u00abespecial foco en personas que han salido de la c\u00e1rcel\u00bb, como es el caso de Carlos, beneficiario de la edici\u00f3n anterior.<\/p>\n<p> \u00abCuando sales te das cuenta que no tienes nada, ni siquiera un lugar donde ir. Me sent\u00ed perdido en todos los sentidos y tampoco pod\u00eda buscarme la vida porque llevaba m\u00e1s de seis a\u00f1os sin trabajar. Hice la formaci\u00f3n y gracias a eso consegu\u00ed una oportunidad laboral, un trabajo de verdad que me ha permitido recuperar mi dignidad\u00bb, ha explicado Carlos.<\/p>\n<p> En este sentido, el director general de la Fundaci\u00f3n AON, Pedro Tomey, y una veintena de voluntarios de la entidad participan en los talleres de la Escuela de Fortalecimiento de la Fundaci\u00f3n Integra para \u00abayudarles a confiar en s\u00ed mismos y en su val\u00eda\u00bb, seg\u00fan ha indicado Tomey.<\/p>\n<p> Como ha destacado la presidenta de Fundaci\u00f3n Integra, Ana Botella, el apoyo de Fundaci\u00f3n AON es \u00abfundamental para construir un mundo mejor\u00bb. \u00abGracias al apoyo de organizaciones como Fundaci\u00f3n AON conseguimos que personas en exclusi\u00f3n social severa puedan comenzar una nueva vida a trav\u00e9s de un empleo digno\u00bb, ha apostillado.<\/p>\n<p> En ese contexto, Fundaci\u00f3n Integra, con el apoyo de empresas y entidades como Fundaci\u00f3n AON, ha facilitado m\u00e1s de 22.500 empleos a las personas m\u00e1s vulnerables de la sociedad desde el a\u00f1o 2001.<\/p>\n","protected":false},"excerpt":{"rendered":"<p>MADRID, 15 (EUROPA PRESS) Fundaci\u00f3n AON y Fundaci\u00f3n Integra han renovado su colaboraci\u00f3n con la puesta en marcha de la VII edici\u00f3n del proyecto &#8216;Abriendo un futuro&#8217;, que busca mejorar la empleabilidad de diez personas en exclusi\u00f3n social. Desde 2018, ambas entidades colaboran juntas en este proyecto en el que han participado 49 personas, de [&hellip;]<\/p>\n","protected":false},"author":1,"featured_media":0,"comment_status":"closed","ping_status":"closed","sticky":false,"template":"","format":"standard","meta":{"footnotes":""},"categories":[],"tags":[],"class_list":["post-51194","post","type-post","status-publish","format-standard","hentry"],"_links":{"self":[{"href":"https:\/\/webciudadana.net\/index.php?rest_route=\/wp\/v2\/posts\/51194","targetHints":{"allow":["GET"]}}],"collection":[{"href":"https:\/\/webciudadana.net\/index.php?rest_route=\/wp\/v2\/posts"}],"about":[{"href":"https:\/\/webciudadana.net\/index.php?rest_route=\/wp\/v2\/types\/post"}],"author":[{"embeddable":true,"href":"https:\/\/webciudadana.net\/index.php?rest_route=\/wp\/v2\/users\/1"}],"replies":[{"embeddable":true,"href":"https:\/\/webciudadana.net\/index.php?rest_route=%2Fwp%2Fv2%2Fcomments&post=51194"}],"version-history":[{"count":0,"href":"https:\/\/webciudadana.net\/index.php?rest_route=\/wp\/v2\/posts\/51194\/revisions"}],"wp:attachment":[{"href":"https:\/\/webciudadana.net\/index.php?rest_route=%2Fwp%2Fv2%2Fmedia&parent=51194"}],"wp:term":[{"taxonomy":"category","embeddable":true,"href":"https:\/\/webciudadana.net\/index.php?rest_route=%2Fwp%2Fv2%2Fcategories&post=51194"},{"taxonomy":"post_tag","embeddable":true,"href":"https:\/\/webciudadana.net\/index.php?rest_route=%2Fwp%2Fv2%2Ftags&post=51194"}],"curies":[{"name":"wp","href":"https:\/\/api.w.org\/{rel}","templated":true}]}}