{"id":51204,"date":"2024-03-15T16:04:52","date_gmt":"2024-03-15T15:04:52","guid":{"rendered":"https:\/\/ticker-noticiasep.microcontenidos.com\/NoticiaRSS.vbhtml?user=XRNR562DLR&amp;cod=20240315160452"},"modified":"2024-03-15T16:04:52","modified_gmt":"2024-03-15T15:04:52","slug":"anticiparse-a-la-normativa-europea-de-sostenibilidad-es-clave-para-las-empresas-segun-expertos","status":"publish","type":"post","link":"https:\/\/webciudadana.net\/?p=51204","title":{"rendered":"Anticiparse a la normativa europea de sostenibilidad es clave para las empresas, seg\u00fan expertos"},"content":{"rendered":"\n<div><img decoding=\"async\" src=\"\/wp-content\/uploads\/sites\/2\/2024\/03\/anticiparse-a-la-normativa-europea-de-sostenibilidad-es-clave-para-las-empresas-segun-expertos.jpg\" class=\"ff-og-image-inserted\"><\/div>\n<p> MADRID, 15 (EUROPA PRESS)<\/p>\n<p> Expertos han coincidido en se\u00f1alar que ven clave para las compa\u00f1\u00edas el hecho de anticiparse a la nueva normativa europea de sostenibilidad, como han puesto de manifiesto durante la jornada &#8216;Gobierno corporativo y la nueva Directiva Europea de Sostenibilidad&#8217;, organizada por Initio Club en Madrid, en colaboraci\u00f3n con Madrid Network y CEIM, Confederaci\u00f3n Empresarial de Madrid-CEOE.<\/p>\n<p> La jornada ha contado con la participaci\u00f3n del socio de Sostenibilidad de Ontier, Javier Loriente; el director de Sostenibilidad y Cambio Clim\u00e1tico de PwC, Sergio Mateos, y la compliance Officer de Leroy Merl\u00edn, Sonia Alonso, quienes han abordado el desaf\u00edo que supone la aplicaci\u00f3n de la nueva Directiva Europea de Sostenibilidad y han dado a conocer las claves para que las compa\u00f1\u00edas se anticipen al cambio y puedan beneficiarse de las nuevas exigencias.<\/p>\n<p> Con la Directiva sobre Informaci\u00f3n Corporativa en Materia de Sostenibilidad (CSRD), la UE pretende contribuir a crear una econom\u00eda y una sociedad m\u00e1s sostenibles en Europa, a trav\u00e9s de la regulaci\u00f3n de la estructura y el funcionamiento de las empresas con criterios de sostenibilidad.<\/p>\n<p> Seg\u00fan han indicado los expertos, esta nueva normativa propone a las empresas elaborar una informaci\u00f3n de sostenibilidad que ayude a la toma de decisiones, \u00abno s\u00f3lo a las grandes empresas, sino a los grupos de inter\u00e9s\u00bb. El objetivo es que estos \u00faltimos conozcan la informaci\u00f3n sobre aspectos medioambientales y sociales de las empresas, para poder estudiar \u00abla forma de financiar, comprar sus productos o contratar sus servicios\u00bb.<\/p>\n<p> En este sentido, como ha destacado Loriente, \u00abla gran preocupaci\u00f3n de muchas empresas es el tsunami regulatorio al que se enfrentan, que genera mucha inquietud y mucha inseguridad jur\u00eddica\u00bb. En su opini\u00f3n, el desconcierto radica en el \u00abriesgo de perder contactos, dejar de ser proveedor de una organizaci\u00f3n o no poder acceder a financiaci\u00f3n por no cumplir con los criterios ESG\u00bb.<\/p>\n<p> La nueva normativa concierne, \u00aben una primera ola\u00bb, a las grandes compa\u00f1\u00edas de m\u00e1s de 500 empleados que coticen o pertenezcan al sector financiero o asegurador pero, seg\u00fan ha indicado Mateos, \u00abacabar\u00e1 afectando, a partir de 2028, a todas las empresas\u00bb, por lo que se tienen que adaptar a \u00ablas nuevas reglas del juego\u00bb.<\/p>\n<p> En concreto, las compa\u00f1\u00edas han de atender a la \u00abdoble materialidad\u00bb de impacto que, como ha indicado el director de Sostenibilidad y Cambio Clim\u00e1tico de PwC, deben medir controlando c\u00f3mo afecta su negocio a las personas y al medio ambiente, y a la materialidad financiera, a trav\u00e9s del an\u00e1lisis del efecto financiero y los posibles riesgos del negocio.<\/p>\n<p> \u00abLa doble materialidad es la herramienta fundamental y la manera que tienen las compa\u00f1\u00edas para saber qu\u00e9 indicadores tienen que tener en cuenta. El regulador europeo quiere exigir a cada empresa el an\u00e1lisis de estos dos \u00e1mbitos y el reporte de los impactos, los riesgos y las oportunidades concretas a corto, medio y largo plazo de su actividad\u00bb, ha indicado Mateos.<\/p>\n<p> En este sentido, la sostenibilidad es \u00abuna palanca de valor para las empresas\u00bb ya que, seg\u00fan ha destacado Ruiz, la nueva normativa es un \u00abreto\u00bb, pero tambi\u00e9n una oportunidad si las empresas consiguen integrar la sostenibilidad en el negocio a nivel estrat\u00e9gico. As\u00ed, las compa\u00f1\u00edas \u00abnecesitan automatizar m\u00e1s la informaci\u00f3n para ofrecer mayor transparencia\u00bb, seg\u00fan Alonso.<\/p>\n<p> \u00abLa sostenibilidad ofrece la oportunidad de ser atractivos y retener talento, de hacer negocios y acceder a grandes cuentas, de optar a subvenciones, de lograr buena reputaci\u00f3n, de ser transparentes y automatizar la informaci\u00f3n, o de acompa\u00f1ar a peque\u00f1os proveedores\u00bb, ha concluido.<\/p>\n","protected":false},"excerpt":{"rendered":"<p>MADRID, 15 (EUROPA PRESS) Expertos han coincidido en se\u00f1alar que ven clave para las compa\u00f1\u00edas el hecho de anticiparse a la nueva normativa europea de sostenibilidad, como han puesto de manifiesto durante la jornada &#8216;Gobierno corporativo y la nueva Directiva Europea de Sostenibilidad&#8217;, organizada por Initio Club en Madrid, en colaboraci\u00f3n con Madrid Network y [&hellip;]<\/p>\n","protected":false},"author":1,"featured_media":0,"comment_status":"closed","ping_status":"closed","sticky":false,"template":"","format":"standard","meta":{"footnotes":""},"categories":[],"tags":[],"class_list":["post-51204","post","type-post","status-publish","format-standard","hentry"],"_links":{"self":[{"href":"https:\/\/webciudadana.net\/index.php?rest_route=\/wp\/v2\/posts\/51204","targetHints":{"allow":["GET"]}}],"collection":[{"href":"https:\/\/webciudadana.net\/index.php?rest_route=\/wp\/v2\/posts"}],"about":[{"href":"https:\/\/webciudadana.net\/index.php?rest_route=\/wp\/v2\/types\/post"}],"author":[{"embeddable":true,"href":"https:\/\/webciudadana.net\/index.php?rest_route=\/wp\/v2\/users\/1"}],"replies":[{"embeddable":true,"href":"https:\/\/webciudadana.net\/index.php?rest_route=%2Fwp%2Fv2%2Fcomments&post=51204"}],"version-history":[{"count":0,"href":"https:\/\/webciudadana.net\/index.php?rest_route=\/wp\/v2\/posts\/51204\/revisions"}],"wp:attachment":[{"href":"https:\/\/webciudadana.net\/index.php?rest_route=%2Fwp%2Fv2%2Fmedia&parent=51204"}],"wp:term":[{"taxonomy":"category","embeddable":true,"href":"https:\/\/webciudadana.net\/index.php?rest_route=%2Fwp%2Fv2%2Fcategories&post=51204"},{"taxonomy":"post_tag","embeddable":true,"href":"https:\/\/webciudadana.net\/index.php?rest_route=%2Fwp%2Fv2%2Ftags&post=51204"}],"curies":[{"name":"wp","href":"https:\/\/api.w.org\/{rel}","templated":true}]}}