{"id":51205,"date":"2024-03-15T16:27:26","date_gmt":"2024-03-15T15:27:26","guid":{"rendered":"https:\/\/ticker-noticiasep.microcontenidos.com\/NoticiaRSS.vbhtml?user=XRNR562DLR&amp;cod=20240315162726"},"modified":"2024-03-15T16:27:26","modified_gmt":"2024-03-15T15:27:26","slug":"exito-rotundo-en-horeca-baleares-2024-y-con-el-foco-puesto-en-2025","status":"publish","type":"post","link":"https:\/\/webciudadana.net\/?p=51205","title":{"rendered":"\u00c9xito rotundo en HORECA Baleares 2024, y con el foco puesto en 2025"},"content":{"rendered":"\n<div><img decoding=\"async\" src=\"\/wp-content\/uploads\/sites\/2\/2024\/03\/exito-rotundo-en-horeca-baleares-2024-y-con-el-foco-puesto-en-2025.jpg\" class=\"ff-og-image-inserted\"><\/div>\n<p>(Informaci\u00f3n remitida por la empresa firmante)<\/p>\n<p>\nMallorca, Ibiza y Menorca ha acogido la celebraci\u00f3n de este gran encuentro durante febrero y marzo, reuniendo a m\u00e1s de 25.000 profesionales del sector.<\/p>\n<p> Horeca Baleares, la feria de referencia de la hosteler\u00eda y restauraci\u00f3n en nuestras islas, un a\u00f1o m\u00e1s ha conseguido su objetivo; ser un evento estrat\u00e9gico y consolidarse como el gran escaparate de un sector clave en las Islas.<\/p>\n<p> \u00abTodas las empresas participantes nos han trasladado su entusiasmo y nos dicen que ha superado con creces sus expectativas en las ediciones realizadas en Mallorca, Ibiza y Menorca\u00bb.<\/p>\n<p> En total, entre las tres islas han pasado este a\u00f1o m\u00e1s de 25.000 profesionales de hosteler\u00eda acreditados, compartiendo espacio con m\u00e1s de 300 empresas y donde han estado representadas unas 1.500 marcas.<\/p>\n<p> En el escenario de HORECA Baleares han estado presentes Angel Le\u00f3n, Paco Roncero y Albert Adri\u00e0 a quienes se les ha rendido un sentido y c\u00e1lido homenaje. Junto a ellos grandes profesionales y futuras promesas han realizado presentaciones y shwocooking, entre otros, Jordi Cant\u00f3 (Sa Clastra), \u00c1lvaro Salazar (Restaurante Voro), Jaume Vicens (B\u00e9ns d&#8217;Avall), Javier Hoebeeck (Fusi\u00f3n 19), Andreu Genestra, Alvaro Sanz, Patrick James, Jose M\u00aa Borras*, nombres propios en may\u00fasculas que todo el sector reconoce, todos ellos acompa\u00f1ados del gran maestro Koldo Royo.<\/p>\n<p> La feria sigue siendo ese punto de encuentro donde se dan sinergias que permiten a las empresas avanzar y mejorar sus negocios, De hecho, para los expositores supone una sorpresa la cantidad de contratos que llevan a cabo durante estos d\u00edas y que se materializan a posteriori, con lo que al final salen muy reforzados por la utilidad del evento.<\/p>\n<p> Todo ello ha sido posible gracias a la colaboraci\u00f3n p\u00fablico-privada uniendo esfuerzos de Instituciones, Asociaciones y empresas privadas que trabajan durante todo el a\u00f1o para lograr que HORECA Baleares, haya dado el pistoletazo de salida a la campa\u00f1a tur\u00edstica, generando durante su celebraci\u00f3n un impacto econ\u00f3mico muy positivo para las islas, creando empleo fuera de la temporada alta y contribuyendo a la mejora de la calidad tur\u00edstica para lograr el equilibrio deseado entre turismo y sostenibilidad.<\/p>\n<p> Muestra de la colaboraci\u00f3n p\u00fablico-privada es el apoyo, colaboraci\u00f3n y patrocinio de las principales instituciones, asociaciones y empresas que se han reunido, destacando: Govern Balear, Direcci\u00f3 General Qualitat Agroalimentaria i Producte Local, Consell Insular de Mallorca, Ajuntament de Palma, Consell Insular d&#8217;Eivissa, Ibiza Travel, Sabors d&#8217;Eivissa, Ajuntament d&#8217;Eivissa, Fundaci\u00f3 Menorca Turisme i Ajuntament de Ma\u00f3, Coca Cola, Redexis, Balearia, Juvimar, Delicy food solutions, Hellman&#8217;s Vera, Vandemoortele, 5 stagioni, CorGelat.<\/p>\n<p>\nContacto.<\/p>\n<p>\nNombre contacto: Jose Luis C\u00f3rcoles.<\/p>\n<p>\nDescripci\u00f3n contacto: Director comercial.<\/p>\n<p>\nTel\u00e9fono de contacto: 971577947. <\/p>\n","protected":false},"excerpt":{"rendered":"<p>(Informaci\u00f3n remitida por la empresa firmante) Mallorca, Ibiza y Menorca ha acogido la celebraci\u00f3n de este gran encuentro durante febrero y marzo, reuniendo a m\u00e1s de 25.000 profesionales del sector. Horeca Baleares, la feria de referencia de la hosteler\u00eda y restauraci\u00f3n en nuestras islas, un a\u00f1o m\u00e1s ha conseguido su objetivo; ser un evento estrat\u00e9gico [&hellip;]<\/p>\n","protected":false},"author":1,"featured_media":0,"comment_status":"closed","ping_status":"closed","sticky":false,"template":"","format":"standard","meta":{"footnotes":""},"categories":[],"tags":[],"class_list":["post-51205","post","type-post","status-publish","format-standard","hentry"],"_links":{"self":[{"href":"https:\/\/webciudadana.net\/index.php?rest_route=\/wp\/v2\/posts\/51205","targetHints":{"allow":["GET"]}}],"collection":[{"href":"https:\/\/webciudadana.net\/index.php?rest_route=\/wp\/v2\/posts"}],"about":[{"href":"https:\/\/webciudadana.net\/index.php?rest_route=\/wp\/v2\/types\/post"}],"author":[{"embeddable":true,"href":"https:\/\/webciudadana.net\/index.php?rest_route=\/wp\/v2\/users\/1"}],"replies":[{"embeddable":true,"href":"https:\/\/webciudadana.net\/index.php?rest_route=%2Fwp%2Fv2%2Fcomments&post=51205"}],"version-history":[{"count":0,"href":"https:\/\/webciudadana.net\/index.php?rest_route=\/wp\/v2\/posts\/51205\/revisions"}],"wp:attachment":[{"href":"https:\/\/webciudadana.net\/index.php?rest_route=%2Fwp%2Fv2%2Fmedia&parent=51205"}],"wp:term":[{"taxonomy":"category","embeddable":true,"href":"https:\/\/webciudadana.net\/index.php?rest_route=%2Fwp%2Fv2%2Fcategories&post=51205"},{"taxonomy":"post_tag","embeddable":true,"href":"https:\/\/webciudadana.net\/index.php?rest_route=%2Fwp%2Fv2%2Ftags&post=51205"}],"curies":[{"name":"wp","href":"https:\/\/api.w.org\/{rel}","templated":true}]}}