{"id":51208,"date":"2024-03-15T17:39:47","date_gmt":"2024-03-15T16:39:47","guid":{"rendered":"https:\/\/ticker-noticiasep.microcontenidos.com\/NoticiaRSS.vbhtml?user=XRNR562DLR&amp;cod=20240315173947"},"modified":"2024-03-15T17:39:47","modified_gmt":"2024-03-15T16:39:47","slug":"fundacion-la-caixa-y-cajas-alemanas-impulsan-la-inclusion-financiera-de-mayores-en-latinoamerica","status":"publish","type":"post","link":"https:\/\/webciudadana.net\/?p=51208","title":{"rendered":"Fundaci\u00f3n La Caixa y cajas alemanas impulsan la inclusi\u00f3n financiera de mayores en Latinoam\u00e9rica"},"content":{"rendered":"\n<div><img decoding=\"async\" src=\"\/wp-content\/uploads\/sites\/2\/2024\/03\/fundacion-la-caixa-y-cajas-alemanas-impulsan-la-inclusion-financiera-de-mayores-en-latinoamerica.jpg\" class=\"ff-og-image-inserted\"><\/div>\n<p> BARCELONA, 15 (EUROPA PRESS)<\/p>\n<p> El presidente de la Fundaci\u00f3n La Caixa, Isidro Fain\u00e9, y el presidente de la Sparkassenstiftung &#8211;la Fundaci\u00f3n de Cajas de Ahorros Alemanas&#8211;, Heinrich Haasis, han firmado un acuerdo para fomentar la inclusi\u00f3n financiera de las personas mayores de 60 a\u00f1os en Am\u00e9rica Latina.<\/p>\n<p> Ambas entidades trabajar\u00e1n junto al Banco Interamericano de Desarrollo (BID) en el marco del programa internacional Finanzas Plateadas, ha explicado la Fundaci\u00f3n La Caixa en un comunicado este viernes.<\/p>\n<p> El proyecto cuenta con un presupuesto global de 2,2 millones de d\u00f3lares (2 millones de euros), de los cuales la Fundaci\u00f3n La Caixa aportar\u00e1 345.000 d\u00f3lares (316.000 euros).<\/p>\n<p> La entidad dirigida por Fain\u00e9 participa como \u00abexperta en el apoyo a las personas mayores para contribuir a un envejecimiento activo y saludable\u00bb y aportar\u00e1 experiencia y conocimiento para lograr una mayor inclusi\u00f3n financiera y social.<\/p>\n<p> La iniciativa abrir\u00e1 una convocatoria de propuestas, de las que se seleccionar\u00e1n ocho que ser\u00e1n apoyadas durante un periodo de hasta tres a\u00f1os, y que est\u00e1 dirigida principalmente a innovadores sociales, l\u00edderes en el campo del envejecimiento e intermediarios financieros.<\/p>\n","protected":false},"excerpt":{"rendered":"<p>BARCELONA, 15 (EUROPA PRESS) El presidente de la Fundaci\u00f3n La Caixa, Isidro Fain\u00e9, y el presidente de la Sparkassenstiftung &#8211;la Fundaci\u00f3n de Cajas de Ahorros Alemanas&#8211;, Heinrich Haasis, han firmado un acuerdo para fomentar la inclusi\u00f3n financiera de las personas mayores de 60 a\u00f1os en Am\u00e9rica Latina. Ambas entidades trabajar\u00e1n junto al Banco Interamericano de [&hellip;]<\/p>\n","protected":false},"author":1,"featured_media":0,"comment_status":"closed","ping_status":"closed","sticky":false,"template":"","format":"standard","meta":{"footnotes":""},"categories":[],"tags":[],"class_list":["post-51208","post","type-post","status-publish","format-standard","hentry"],"_links":{"self":[{"href":"https:\/\/webciudadana.net\/index.php?rest_route=\/wp\/v2\/posts\/51208","targetHints":{"allow":["GET"]}}],"collection":[{"href":"https:\/\/webciudadana.net\/index.php?rest_route=\/wp\/v2\/posts"}],"about":[{"href":"https:\/\/webciudadana.net\/index.php?rest_route=\/wp\/v2\/types\/post"}],"author":[{"embeddable":true,"href":"https:\/\/webciudadana.net\/index.php?rest_route=\/wp\/v2\/users\/1"}],"replies":[{"embeddable":true,"href":"https:\/\/webciudadana.net\/index.php?rest_route=%2Fwp%2Fv2%2Fcomments&post=51208"}],"version-history":[{"count":0,"href":"https:\/\/webciudadana.net\/index.php?rest_route=\/wp\/v2\/posts\/51208\/revisions"}],"wp:attachment":[{"href":"https:\/\/webciudadana.net\/index.php?rest_route=%2Fwp%2Fv2%2Fmedia&parent=51208"}],"wp:term":[{"taxonomy":"category","embeddable":true,"href":"https:\/\/webciudadana.net\/index.php?rest_route=%2Fwp%2Fv2%2Fcategories&post=51208"},{"taxonomy":"post_tag","embeddable":true,"href":"https:\/\/webciudadana.net\/index.php?rest_route=%2Fwp%2Fv2%2Ftags&post=51208"}],"curies":[{"name":"wp","href":"https:\/\/api.w.org\/{rel}","templated":true}]}}