{"id":51209,"date":"2024-03-15T17:53:08","date_gmt":"2024-03-15T16:53:08","guid":{"rendered":"https:\/\/ticker-noticiasep.microcontenidos.com\/NoticiaRSS.vbhtml?user=XRNR562DLR&amp;cod=20240315175308"},"modified":"2024-03-15T17:53:08","modified_gmt":"2024-03-15T16:53:08","slug":"mundo-la-delegacion-de-la-feria-de-canton-busca-impulsar-los-lazos-comerciales-europeos-antes-de-la-135a-sesion","status":"publish","type":"post","link":"https:\/\/webciudadana.net\/?p=51209","title":{"rendered":"Mundo: La delegaci\u00f3n de la Feria de Cant\u00f3n busca impulsar los lazos comerciales europeos antes de la 135\u00aa sesi\u00f3n"},"content":{"rendered":"\n<div><img decoding=\"async\" src=\"\/wp-content\/uploads\/sites\/2\/2024\/03\/mundo-la-delegacion-de-la-feria-de-canton-busca-impulsar-los-lazos-comerciales-europeos-antes-de-la-135a-sesion.jpg\" class=\"ff-og-image-inserted\"><\/div>\n<p>(Informaci\u00f3n remitida por la empresa firmante)<\/p>\n<p>\nGUANGZHOU, China, 15 de marzo de 2024 \/PRNewswire\/ &#8212; En anticipaci\u00f3n de la 135\u00aa Feria de Importaci\u00f3n y Exportaci\u00f3n de China (\u00abFeria de Cant\u00f3n\u00bb), Chu Shijia, vicepresidente y secretario general del evento, tambi\u00e9n director general del Centro de Comercio Exterior de China, se ha embarcado en un viaje promocional a Grecia, Reino Unido e Irlanda. Las conversaciones de Chu con l\u00edderes empresariales locales en estas naciones resaltaron el actual crecimiento de alta calidad de la econom\u00eda de China y su avance hacia la modernizaci\u00f3n china, que en su opini\u00f3n abrir\u00e1 nuevas oportunidades globales. Destac\u00f3 que la Feria de Cant\u00f3n sirve como una plataforma vital no s\u00f3lo para China sino para el mundo entero.<\/p>\n<p> En Atenas, durante un intercambio con la comunidad empresarial griega, Chu repas\u00f3 la historia y afirm\u00f3: \u00abChina y Grecia, ambas civilizaciones antiguas, han sido testigos de una amistad duradera a trav\u00e9s de la antigua Ruta de la Seda. Bajo la direcci\u00f3n estrat\u00e9gica de nuestros l\u00edderes, la cooperaci\u00f3n econ\u00f3mica de China y Grecia ha logrado resultados significativos. La Feria de Cant\u00f3n abre una ventana al mundo y esperamos una participaci\u00f3n activa de la comunidad empresarial griega para promover el desarrollo econ\u00f3mico y comercial entre China y Grecia, contribuir a la recuperaci\u00f3n econ\u00f3mica mundial y construir una econom\u00eda mundial abierta.\u00bb<\/p>\n<p>\nEl evento promocional en Londres tuvo una escala significativa, donde Chu y su equipo sostuvieron conversaciones con el 48 Group Club y el Consejo Empresarial China-Gran Breta\u00f1a. Chu present\u00f3 que la 135\u00aa Feria de Cant\u00f3n contar\u00e1 con una estructura de exhibici\u00f3n optimizada, una concentraci\u00f3n de empresas de alta calidad y una gran cantidad de productos innovadores. Jack Perry, presidente del 48 Group Club, expres\u00f3 su intenci\u00f3n de encabezar una delegaci\u00f3n a la 135\u00aa Feria de Cant\u00f3n y explorar el establecimiento de una asociaci\u00f3n estrat\u00e9gica con el evento.<\/p>\n<p> Durante la conferencia de promoci\u00f3n en Dubl\u00edn, Chu mencion\u00f3 que \u00abel reciente anuncio de China de exenci\u00f3n unilateral de visa para Irlanda promover\u00e1 a\u00fan m\u00e1s la cooperaci\u00f3n entre empresas de ambos pa\u00edses\u00bb. A la luz del 45\u00ba aniversario de las relaciones diplom\u00e1ticas entre China e Irlanda, invit\u00f3 a la comunidad empresarial irlandesa a participar activamente en la feria, acceder al mercado chino, aprovechar las oportunidades chinas y ampliar la colaboraci\u00f3n econ\u00f3mica y comercial bilateral.<\/p>\n<p> Las comunidades empresariales de Grecia, Reino Unido e Irlanda han respondido positivamente a las actividades promocionales de la Feria de Cant\u00f3n. Las empresas e instituciones locales han expresado su deseo de asistir al evento, ampliar la cooperaci\u00f3n con las empresas chinas, promover el desarrollo comercial y continuar la hermosa amistad.<\/p>\n<p> La delegaci\u00f3n firm\u00f3 acuerdos de asociaci\u00f3n con la C\u00e1mara Empresarial Hel\u00e9nica China y la Asociaci\u00f3n de Industria y Comercio de Irlanda (ICAOI) en esta gira, llegando los socios globales de la Feria de Cant\u00f3n a 195 que cubren 103 pa\u00edses y regiones.<\/p>\n<p> Para obtener m\u00e1s informaci\u00f3n sobre la pr\u00f3xima 135\u00aa Feria de Cant\u00f3n, visite: https:\/\/www.cantonfair.org.cn\/en-US<\/p>\n<p>\nFoto &#8212; https:\/\/mma.prnewswire.com\/media\/2363660\/image.jpg<\/p>\n<p> View original content:https:\/\/www.prnewswire.com\/news-releases\/la-delegacion-de-la-feria-de-canton-busca-impulsar-los-lazos-comerciales-europeos-antes-de-la-135-sesion-302090522.html<\/p>\n","protected":false},"excerpt":{"rendered":"<p>(Informaci\u00f3n remitida por la empresa firmante) GUANGZHOU, China, 15 de marzo de 2024 \/PRNewswire\/ &#8212; En anticipaci\u00f3n de la 135\u00aa Feria de Importaci\u00f3n y Exportaci\u00f3n de China (\u00abFeria de Cant\u00f3n\u00bb), Chu Shijia, vicepresidente y secretario general del evento, tambi\u00e9n director general del Centro de Comercio Exterior de China, se ha embarcado en un viaje promocional [&hellip;]<\/p>\n","protected":false},"author":1,"featured_media":0,"comment_status":"closed","ping_status":"closed","sticky":false,"template":"","format":"standard","meta":{"footnotes":""},"categories":[],"tags":[],"class_list":["post-51209","post","type-post","status-publish","format-standard","hentry"],"_links":{"self":[{"href":"https:\/\/webciudadana.net\/index.php?rest_route=\/wp\/v2\/posts\/51209","targetHints":{"allow":["GET"]}}],"collection":[{"href":"https:\/\/webciudadana.net\/index.php?rest_route=\/wp\/v2\/posts"}],"about":[{"href":"https:\/\/webciudadana.net\/index.php?rest_route=\/wp\/v2\/types\/post"}],"author":[{"embeddable":true,"href":"https:\/\/webciudadana.net\/index.php?rest_route=\/wp\/v2\/users\/1"}],"replies":[{"embeddable":true,"href":"https:\/\/webciudadana.net\/index.php?rest_route=%2Fwp%2Fv2%2Fcomments&post=51209"}],"version-history":[{"count":0,"href":"https:\/\/webciudadana.net\/index.php?rest_route=\/wp\/v2\/posts\/51209\/revisions"}],"wp:attachment":[{"href":"https:\/\/webciudadana.net\/index.php?rest_route=%2Fwp%2Fv2%2Fmedia&parent=51209"}],"wp:term":[{"taxonomy":"category","embeddable":true,"href":"https:\/\/webciudadana.net\/index.php?rest_route=%2Fwp%2Fv2%2Fcategories&post=51209"},{"taxonomy":"post_tag","embeddable":true,"href":"https:\/\/webciudadana.net\/index.php?rest_route=%2Fwp%2Fv2%2Ftags&post=51209"}],"curies":[{"name":"wp","href":"https:\/\/api.w.org\/{rel}","templated":true}]}}