{"id":51212,"date":"2024-03-15T19:25:51","date_gmt":"2024-03-15T18:25:51","guid":{"rendered":"https:\/\/ticker-noticiasep.microcontenidos.com\/NoticiaRSS.vbhtml?user=XRNR562DLR&amp;cod=20240315192551"},"modified":"2024-03-15T19:25:51","modified_gmt":"2024-03-15T18:25:51","slug":"fundacion-endesa-preve-mejorar-la-empleabilidad-de-400-personas-en-exclusion-en-2024-con-el-programa-cambiando-vidas","status":"publish","type":"post","link":"https:\/\/webciudadana.net\/?p=51212","title":{"rendered":"Fundaci\u00f3n Endesa prev\u00e9 mejorar la empleabilidad de 400 personas en exclusi\u00f3n en 2024 con el programa &#8216;Cambiando Vidas&#8217;"},"content":{"rendered":"\n<div><img decoding=\"async\" src=\"\/wp-content\/uploads\/sites\/2\/2024\/03\/fundacion-endesa-preve-mejorar-la-empleabilidad-de-400-personas-en-exclusion-en-2024-con-el-programa-cambiando-vidas.jpg\" class=\"ff-og-image-inserted\"><\/div>\n<p> MADRID, 15 (EUROPA PRESS)<\/p>\n<p> Fundaci\u00f3n Endesa ha lanzado esta semana la octava edici\u00f3n de &#8216;Cambiando Vidas&#8217;, una iniciativa que desarrolla en colaboraci\u00f3n con Fundaci\u00f3n Integra desde 2016, a trav\u00e9s de la cual prev\u00e9 mejorar la empleabilidad de m\u00e1s de 400 personas en riesgo de exclusi\u00f3n social en este 2024.<\/p>\n<p> &#8216;Cambiando vidas&#8217; acompa\u00f1a y prepara a personas en situaciones vulnerables para su reincorporaci\u00f3n en el mundo laboral en Madrid, Barcelona, Sevilla, Zaragoza, Palma de Mallorca y, este a\u00f1o por primera vez, en Tenerife, como han detallado sus impulsores.<\/p>\n<p> Gracias a este programa, un total de 3.055 personas han conseguido \u00abuna nueva oportunidad para empezar de nuevo con sus vidas\u00bb y la fundaci\u00f3n prev\u00e9 que este a\u00f1o la iniciativa beneficie al menos a 415. Adem\u00e1s, su intenci\u00f3n es atender a los beneficiarios de ediciones anteriores que lo necesiten.<\/p>\n<p> &#8216;Cambiando vidas&#8217; cuenta con el apoyo de empleados de Endesa que se unen como voluntarios para ayudar a trav\u00e9s de talleres de formaci\u00f3n sobre distintas tem\u00e1ticas profesionales como, por ejemplo, c\u00f3mo escribir un CV o c\u00f3mo prepararse para una entrevista y superarla con \u00e9xito con el fin de que los beneficiarios puedan adquirir las herramientas y competencias que necesitan para reincorporarse al mercado laboral.<\/p>\n<p> Desde su primera edici\u00f3n, 275 voluntarios de la compa\u00f1\u00eda ya han formado parte de &#8216;Cambiando Vidas&#8217;. Una de ellas, Mar\u00eda Jos\u00e9, ha participado en la presentaci\u00f3n de la nueva edici\u00f3n y ha destacado que \u00aben las Escuelas de Fortalecimiento los beneficiarios consiguen potenciar lo que ellos en realidad ya tienen, como por ejemplo la confianza en ellos mismos y en sus capacidades\u00bb.<\/p>\n<p> \u00abSimplemente, a veces necesitas a alguien que te lo recuerde y ah\u00ed entramos nosotros como voluntarios. Con ayuda se puede conseguir todo. Esa es la magia del voluntariado, nunca sabes ad\u00f3nde va a llegar, pero tienes claro que el impacto va a ser positivo\u00bb, ha explicado.<\/p>\n<p> Durante el evento, distintos beneficiarios del programa han contado su historia, como Edurne, que se ha definido como \u00abuna mujer de clase media con un trabajo de profesora\u00bb que, \u00abpor culpa de una serie de malas decisiones\u00bb, acab\u00f3 en la calle. \u00abMe ofrecieron traer droga desde Per\u00fa y termin\u00e9 en la c\u00e1rcel con una condena de seis a\u00f1os y un d\u00eda. En Cambiando Vidas encontr\u00e9 la ayuda que necesitaba\u00bb, ha explicado.<\/p>\n<p> Para Edurne este paso fue fundamental pues \u00abtodo lo que tiene es gracias a su trabajo, a la ayuda y al acompa\u00f1amiento que le han dado\u00bb. \u00abMe aferr\u00e9 a esta oportunidad porque conseguir un empleo era mi sue\u00f1o. La sensaci\u00f3n de abrir la nevera y verla llena de comida que he podido comprar con mi esfuerzo me hace sentir muy orgullosa de m\u00ed misma\u00bb, ha destacado.<\/p>\n<p> Petronel, participante en la \u00faltima edici\u00f3n de &#8216;Cambiando V\u00edas&#8217;, vino de Ruman\u00eda en 2003 y, como muchos migrantes, tuvo unos comienzos que \u00abno fueron f\u00e1ciles\u00bb. Empez\u00f3 con un trabajo en la recogida de la uva, luego recal\u00f3 en Madrid con un puesto de barrendero, pero \u00abla pandemia trunc\u00f3 su proyecto de vida\u00bb. \u00abPerd\u00ed el trabajo y acab\u00e9 durmiendo en la calle. Pas\u00e9 por varios albergues hasta que conoc\u00ed el programa &#8216;Cambiando Vidas'\u00bb, ha recordado.<\/p>\n<p> Por ello, Petronel siente un \u00abagradecimiento total\u00bb por esta iniciativa que le ha devuelto la ilusi\u00f3n y que le proporcion\u00f3 \u00ablas herramientas que necesitaba para comenzar la b\u00fasqueda de empleo y conseguir un trabajo. Ahora, se siente \u00ab\u00fatil, feliz, lleno de alegr\u00eda\u00bb ya que \u00abes el trabajo de su vida\u00bb, como ha reconocido.<\/p>\n","protected":false},"excerpt":{"rendered":"<p>MADRID, 15 (EUROPA PRESS) Fundaci\u00f3n Endesa ha lanzado esta semana la octava edici\u00f3n de &#8216;Cambiando Vidas&#8217;, una iniciativa que desarrolla en colaboraci\u00f3n con Fundaci\u00f3n Integra desde 2016, a trav\u00e9s de la cual prev\u00e9 mejorar la empleabilidad de m\u00e1s de 400 personas en riesgo de exclusi\u00f3n social en este 2024. &#8216;Cambiando vidas&#8217; acompa\u00f1a y prepara a [&hellip;]<\/p>\n","protected":false},"author":1,"featured_media":0,"comment_status":"closed","ping_status":"closed","sticky":false,"template":"","format":"standard","meta":{"footnotes":""},"categories":[],"tags":[],"class_list":["post-51212","post","type-post","status-publish","format-standard","hentry"],"_links":{"self":[{"href":"https:\/\/webciudadana.net\/index.php?rest_route=\/wp\/v2\/posts\/51212","targetHints":{"allow":["GET"]}}],"collection":[{"href":"https:\/\/webciudadana.net\/index.php?rest_route=\/wp\/v2\/posts"}],"about":[{"href":"https:\/\/webciudadana.net\/index.php?rest_route=\/wp\/v2\/types\/post"}],"author":[{"embeddable":true,"href":"https:\/\/webciudadana.net\/index.php?rest_route=\/wp\/v2\/users\/1"}],"replies":[{"embeddable":true,"href":"https:\/\/webciudadana.net\/index.php?rest_route=%2Fwp%2Fv2%2Fcomments&post=51212"}],"version-history":[{"count":0,"href":"https:\/\/webciudadana.net\/index.php?rest_route=\/wp\/v2\/posts\/51212\/revisions"}],"wp:attachment":[{"href":"https:\/\/webciudadana.net\/index.php?rest_route=%2Fwp%2Fv2%2Fmedia&parent=51212"}],"wp:term":[{"taxonomy":"category","embeddable":true,"href":"https:\/\/webciudadana.net\/index.php?rest_route=%2Fwp%2Fv2%2Fcategories&post=51212"},{"taxonomy":"post_tag","embeddable":true,"href":"https:\/\/webciudadana.net\/index.php?rest_route=%2Fwp%2Fv2%2Ftags&post=51212"}],"curies":[{"name":"wp","href":"https:\/\/api.w.org\/{rel}","templated":true}]}}