{"id":51214,"date":"2024-03-17T16:33:59","date_gmt":"2024-03-17T15:33:59","guid":{"rendered":"https:\/\/ticker-noticiasep.microcontenidos.com\/NoticiaRSS.vbhtml?user=XRNR562DLR&amp;cod=20240317163359"},"modified":"2024-03-17T16:33:59","modified_gmt":"2024-03-17T15:33:59","slug":"mundo-irlanda-entera-celebra-san-patricio-considerada-ya-una-celebracion-mundial","status":"publish","type":"post","link":"https:\/\/webciudadana.net\/?p=51214","title":{"rendered":"Mundo: Irlanda entera celebra San Patricio, considerada ya una celebraci\u00f3n mundial"},"content":{"rendered":"\n<p>(Informaci\u00f3n remitida por la empresa firmante)<\/p>\n<p>\nDUBLIN, 17 de marzo de 2024 \/PRNewswire\/ &#8212; El mundo entero ha vuelto a te\u00f1irse de verde esmeralda. En Dubl\u00edn, miles de personas celebraron con emoci\u00f3n y energ\u00eda el d\u00eda nacional de Irlanda con un programa lleno de cultura y diversi\u00f3n, este a\u00f1o bajo el tema &#8216;Spr\u00e9ach&#8217;, que en ga\u00e9lico se refiere a &#8216;la chispa&#8217; que caracteriza esa encantadora forma de vivir de los irlandeses. La &#8216;Pura Vida&#8217; de la Isla Esmeralda.<\/p>\n<p> El D\u00eda de San Patricio lo celebran en todo el mundo m\u00e1s de 70 millones de personas que afirman tener ra\u00edces irlandesas. La m\u00fasica y la danza irlandesas se han convertido en sin\u00f3nimo de celebraciones para conmemorar el d\u00eda.<\/p>\n<p> El ic\u00f3nico desfile cont\u00f3 con m\u00e1s grupos y m\u00e1s participantes que nunca. Con medio mill\u00f3n de espectadores a lo largo de la ruta de este a\u00f1o, el desfile abarc\u00f3 18 espect\u00e1culos y actuaciones, 14 bandas de m\u00fasica de toda Irlanda, Am\u00e9rica del Norte y Francia y m\u00e1s de 4.000 participantes.<\/p>\n<p> Si bien el desfile del D\u00eda de San Patricio en Dubl\u00edn es sin duda el m\u00e1s grande y famoso, hay desfiles y festivales en la mayor\u00eda de las ciudades de la isla de Irlanda. Armagh, Belfast, Cork, Derry-Londonderry, Killarney, Waterford, Kilkenny, Enniskillen y Sligo organizaron los festivales de San Patricio durante el fin de semana. En Limerick hubo una gran concentraci\u00f3n de bandas de m\u00fasicas con numerosa presencia de EE.EE; Kilkenny sorprendi\u00f3 con una ruta musical en sus calles medievales; no faltaron conciertos a la luz de las velas en Killarney y hasta una carrera urbana en Belfast. Amagh, la capital eclesi\u00e1stica de Irlanda y donde San Patricio comenz\u00f3 su misi\u00f3n, celebr\u00f3 adem\u00e1s un &#8216;Amanecer con San Patricio&#8217; en el Home of St Patrick Festival de Armagh, <\/p>\n<p>\nSan Patricio es el momento de mayor ebullici\u00f3n festiva de Irlanda y llena de vida toda la isla con desfiles y m\u00fasica y a cada paso, pero adem\u00e1s coincide con un momento de florecimiento natural. Los visitantes pueden descubrir paisajes verdes y ricos en vida silvestre, salpicados de corderos reci\u00e9n nacidos de color blanco como el algod\u00f3n, festivales de caminatas, exuberantes jardines floridos, pubs acogedores y un clima que cambia r\u00e1pidamente y donde el arco\u00edris se deja ver a menudo. Ciudades, costas y paisajes monta\u00f1osos salvajes hacen las delicias de los visitantes.<\/p>\n<p>\nwww.ireland.com<\/p>\n<p>\nVideo &#8212; https:\/\/mma.prnewswire.com\/media\/2364281\/Tourism_Ireland.mp4<\/p>\n<p>\nLogo &#8212; https:\/\/mma.prnewswire.com\/media\/2361664\/Tourism_Ireland_Logo.jpg<\/p>\n<p> View original content:https:\/\/www.prnewswire.com\/news-releases\/irlanda-entera-celebra-san-patricio-considerada-ya-una-celebracion-mundial-302090908.html<\/p>\n","protected":false},"excerpt":{"rendered":"<p>(Informaci\u00f3n remitida por la empresa firmante) DUBLIN, 17 de marzo de 2024 \/PRNewswire\/ &#8212; El mundo entero ha vuelto a te\u00f1irse de verde esmeralda. En Dubl\u00edn, miles de personas celebraron con emoci\u00f3n y energ\u00eda el d\u00eda nacional de Irlanda con un programa lleno de cultura y diversi\u00f3n, este a\u00f1o bajo el tema &#8216;Spr\u00e9ach&#8217;, que en [&hellip;]<\/p>\n","protected":false},"author":1,"featured_media":0,"comment_status":"closed","ping_status":"closed","sticky":false,"template":"","format":"standard","meta":{"footnotes":""},"categories":[],"tags":[],"class_list":["post-51214","post","type-post","status-publish","format-standard","hentry"],"_links":{"self":[{"href":"https:\/\/webciudadana.net\/index.php?rest_route=\/wp\/v2\/posts\/51214","targetHints":{"allow":["GET"]}}],"collection":[{"href":"https:\/\/webciudadana.net\/index.php?rest_route=\/wp\/v2\/posts"}],"about":[{"href":"https:\/\/webciudadana.net\/index.php?rest_route=\/wp\/v2\/types\/post"}],"author":[{"embeddable":true,"href":"https:\/\/webciudadana.net\/index.php?rest_route=\/wp\/v2\/users\/1"}],"replies":[{"embeddable":true,"href":"https:\/\/webciudadana.net\/index.php?rest_route=%2Fwp%2Fv2%2Fcomments&post=51214"}],"version-history":[{"count":0,"href":"https:\/\/webciudadana.net\/index.php?rest_route=\/wp\/v2\/posts\/51214\/revisions"}],"wp:attachment":[{"href":"https:\/\/webciudadana.net\/index.php?rest_route=%2Fwp%2Fv2%2Fmedia&parent=51214"}],"wp:term":[{"taxonomy":"category","embeddable":true,"href":"https:\/\/webciudadana.net\/index.php?rest_route=%2Fwp%2Fv2%2Fcategories&post=51214"},{"taxonomy":"post_tag","embeddable":true,"href":"https:\/\/webciudadana.net\/index.php?rest_route=%2Fwp%2Fv2%2Ftags&post=51214"}],"curies":[{"name":"wp","href":"https:\/\/api.w.org\/{rel}","templated":true}]}}