{"id":51250,"date":"2024-03-18T16:00:59","date_gmt":"2024-03-18T15:00:59","guid":{"rendered":"https:\/\/ticker-noticiasep.microcontenidos.com\/NoticiaRSS.vbhtml?user=XRNR562DLR&amp;cod=20240318160059"},"modified":"2024-03-18T16:00:59","modified_gmt":"2024-03-18T15:00:59","slug":"las-jornadas-laboratorio-social-de-cepaim-ponen-en-valor-la-innovacion-en-procesos-de-inclusion-para-mujeres-migrantes","status":"publish","type":"post","link":"https:\/\/webciudadana.net\/?p=51250","title":{"rendered":"Las Jornadas &#8216;Laboratorio Social&#8217; de Cepaim ponen en valor la innovaci\u00f3n en procesos de inclusi\u00f3n para mujeres migrantes"},"content":{"rendered":"\n<div><img decoding=\"async\" src=\"\/wp-content\/uploads\/sites\/2\/2024\/03\/las-jornadas-laboratorio-social-de-cepaim-ponen-en-valor-la-innovacion-en-procesos-de-inclusion-para-mujeres-migrantes.jpg\" class=\"ff-og-image-inserted\"><\/div>\n<p> MURCIA, 18 (EUROPA PRESS)<\/p>\n<p> La Fundaci\u00f3n Cepaim ha organizado las Jornadas Laboratorio Social &#8216;La Inclusi\u00f3n desde la Innovaci\u00f3n&#8217; en las que se ha abordado desde una perspectiva innovadora al establecimiento de itinerarios de inclusi\u00f3n social para mujeres migrantes que complementen las prestaciones econ\u00f3micas como el Ingreso M\u00ednimo Vital, y as\u00ed luchar contra las desigualdades sociales.<\/p>\n<p> Las Jornadas han contado con el apoyo del Ministerio de Inclusi\u00f3n Seguridad Social y Migraciones y la colaboraci\u00f3n de la Universidad de Murcia y la Federaci\u00f3n de Municipios de la Regi\u00f3n.<\/p>\n<p> En la Jornada ha participado Jes\u00fas Prado Mascu\u00f1ano, Subdirecci\u00f3n General Adjunto SG Pol\u00edticas de Inclusi\u00f3n, del Ministerio de Inclusi\u00f3n, Seguridad Social y Migraciones.; Juan Antonio Segura Lucas, Director General de la Fundaci\u00f3n Cepaim; Manuel Pato Melgarejo de la Federaci\u00f3n de Municipios de la Regi\u00f3n de Murcia; y el profesor Longinos Mar\u00edn Rives, Vicerrector de Responsabilidad Social de la UMU.<\/p>\n<p> En la ponencia titulada &#8216;Laboratorio innovaci\u00f3n social y metodolog\u00eda de evaluaci\u00f3n de impacto&#8217; se ha puesto en valor la pol\u00edtica p\u00fablica basada en la evidencia que ha supuesto la puesta en marcha de los 34 pilotos impulsada desde el MISSM y desarrollados por parte de diferentes entidades.<\/p>\n<p> En concreto, en estas jornadas, se han dado los primeros resultados del proyecto piloto liderado por Cepaim, &#8216;+ que emple-a&#8217;, por parte del comit\u00e9 cient\u00edfico del MISSM y la organizaci\u00f3n J-Pal Europa en la persona de Ana Garc\u00eda Hern\u00e1ndez.<\/p>\n<p> As\u00ed se ha indicado que este modelo de intervenci\u00f3n llamado &#8216;3I&#8217; ha supuesto: un mayor nivel de recursos sociales, mayor autonom\u00eda, mayores competencias en materia digital para la vida diaria, mayor bienestar psicol\u00f3gico y mejor conocimiento de recursos del territorio para las mujeres que han participado.<\/p>\n<p> Estos resultados de impacto, evaluados en el proyecto con una metodolog\u00eda &#8216;RCT&#8217;, son enormemente positivos y suponen un \u00e9xito para validar el modelo de acompa\u00f1amiento propuesto por Fundaci\u00f3n Cepaim, como han puesto de manifiesto Sara Caja y Miriam Esquiva desde la coordinaci\u00f3n del proyecto.<\/p>\n<p> Adem\u00e1s de esto, el resto de mesas redondas han versado sobre la innovaci\u00f3n social en la academia, desde la administraci\u00f3n p\u00fablica y desde el tercer sector. Se ha contado con personas expertas en estas materias como V\u00edctor Meseguer S\u00e1nchez, Investigador principal grupo RSC e innovaci\u00f3n social; Lourdes Toribio, Delegada Territorial de Fundaci\u00f3n &#8216;La Caixa&#8217; y Ferr\u00e1n Rodr\u00edguez, Presidente de FEPA.<\/p>\n<p> El segundo d\u00eda de estas jornadas, se ha tratado la tem\u00e1tica de garant\u00eda de ingresos e inclusi\u00f3n social, contando con la ponencia en este sentido de Graciela Malgesini, experta en pol\u00edticas sociales, direcci\u00f3n y evaluaci\u00f3n de proyectos.<\/p>\n<p> En este d\u00eda se ha puesto de relevancia igualmente, los procesos de inclusi\u00f3n en Murcia contando con Mar\u00eda Jos\u00e9 de Maya, directora general de servicios sociales, tercer sector y gesti\u00f3n de la diversidad en la Regi\u00f3n de Murcia y representaci\u00f3n de EAPN- Murcia y la Federaci\u00f3n de Municipios de la Regi\u00f3n.<\/p>\n<p> Las jornadas &#8216;Laboratorio social: inclusi\u00f3n desde la innovaci\u00f3n&#8217; han puesto en valor que el proyecto &#8216;+ que emple-a&#8217;, supone m\u00e1s inclusi\u00f3n e innovaci\u00f3n social, m\u00e1s evaluaci\u00f3n de impacto en pol\u00edticas sociales y m\u00e1s convivencia e igualdad, algo que desde la Fundaci\u00f3n Cepaim se viene defendiendo desde hace treinta a\u00f1os.<\/p>\n","protected":false},"excerpt":{"rendered":"<p>MURCIA, 18 (EUROPA PRESS) La Fundaci\u00f3n Cepaim ha organizado las Jornadas Laboratorio Social &#8216;La Inclusi\u00f3n desde la Innovaci\u00f3n&#8217; en las que se ha abordado desde una perspectiva innovadora al establecimiento de itinerarios de inclusi\u00f3n social para mujeres migrantes que complementen las prestaciones econ\u00f3micas como el Ingreso M\u00ednimo Vital, y as\u00ed luchar contra las desigualdades sociales. [&hellip;]<\/p>\n","protected":false},"author":1,"featured_media":0,"comment_status":"closed","ping_status":"closed","sticky":false,"template":"","format":"standard","meta":{"footnotes":""},"categories":[],"tags":[],"class_list":["post-51250","post","type-post","status-publish","format-standard","hentry"],"_links":{"self":[{"href":"https:\/\/webciudadana.net\/index.php?rest_route=\/wp\/v2\/posts\/51250","targetHints":{"allow":["GET"]}}],"collection":[{"href":"https:\/\/webciudadana.net\/index.php?rest_route=\/wp\/v2\/posts"}],"about":[{"href":"https:\/\/webciudadana.net\/index.php?rest_route=\/wp\/v2\/types\/post"}],"author":[{"embeddable":true,"href":"https:\/\/webciudadana.net\/index.php?rest_route=\/wp\/v2\/users\/1"}],"replies":[{"embeddable":true,"href":"https:\/\/webciudadana.net\/index.php?rest_route=%2Fwp%2Fv2%2Fcomments&post=51250"}],"version-history":[{"count":0,"href":"https:\/\/webciudadana.net\/index.php?rest_route=\/wp\/v2\/posts\/51250\/revisions"}],"wp:attachment":[{"href":"https:\/\/webciudadana.net\/index.php?rest_route=%2Fwp%2Fv2%2Fmedia&parent=51250"}],"wp:term":[{"taxonomy":"category","embeddable":true,"href":"https:\/\/webciudadana.net\/index.php?rest_route=%2Fwp%2Fv2%2Fcategories&post=51250"},{"taxonomy":"post_tag","embeddable":true,"href":"https:\/\/webciudadana.net\/index.php?rest_route=%2Fwp%2Fv2%2Ftags&post=51250"}],"curies":[{"name":"wp","href":"https:\/\/api.w.org\/{rel}","templated":true}]}}