{"id":51258,"date":"2024-03-18T17:37:55","date_gmt":"2024-03-18T16:37:55","guid":{"rendered":"https:\/\/ticker-noticiasep.microcontenidos.com\/NoticiaRSS.vbhtml?user=XRNR562DLR&amp;cod=20240318173755"},"modified":"2024-03-18T17:37:55","modified_gmt":"2024-03-18T16:37:55","slug":"nueva-suelta-de-cerceta-pardilla-en-el-porcal-humedal-protegido-de-madrid-propiedad-de-cementos-portland","status":"publish","type":"post","link":"https:\/\/webciudadana.net\/?p=51258","title":{"rendered":"Nueva suelta de Cerceta Pardilla en El Porcal, humedal protegido de Madrid, propiedad de Cementos Portland"},"content":{"rendered":"\n<div><img decoding=\"async\" src=\"\/wp-content\/uploads\/sites\/2\/2024\/03\/nueva-suelta-de-cerceta-pardilla-en-el-porcal-humedal-protegido-de-madrid-propiedad-de-cementos-portland.jpg\" class=\"ff-og-image-inserted\"><\/div>\n<p>(Informaci\u00f3n remitida por la empresa firmante)<\/p>\n<p>\nEl consejero de Medio Ambiente, Agricultura e Interior de la Comunidad de Madrid, Carlos Novillo Piris visita, junto con representantes del Grupo Cementos Portland Valderrivas en El Porcal, una finca propiedad del Grupo, que est\u00e1 incluida como reserva de la biosfera de la Comunidad de Madrid, y como humedal protegido dentro del Cat\u00e1logo de Humedales de la CAM para ser testigos de una nueva suelta de 20 ejemplares de Cerceta Pardilla<\/p>\n<p>\nMadrid, 18 de marzo de 2024.-*Carlos Novillo ha venido acompa\u00f1ado por la directora general de Biodiversidad y Gesti\u00f3n Forestal de la CAM, Irene Aguil\u00f3; la alcaldesa de Rivas Vaciamadrid, Aida Castillejo y el concejal de Transici\u00f3n Ecol\u00f3gica, Juan Jos\u00e9 Gonz\u00e1lez, para asistir a la tercera suelta de Cerceta Pardilla que se realiza en esta finca, que ha sido elegida por ser un emplazamiento ideal en el que se est\u00e1 intentando que prospere la especie y que se asienten definitivamente en la Comunidad.<\/p>\n<p> Javier Delgado, representando a la direcci\u00f3n de Cementos Portland Valderrivas, acompa\u00f1ado de Carlos Alonso, del \u00c1rea de Sostenibilidad, y de la responsable de Comunicaci\u00f3n del Grupo, Eva Ca\u00f1adas, han recibido a los responsables de Medio Ambiente de la Comunidad de Madrid, trasladando su estrategia de conservaci\u00f3n de El Porcal y los resultados del proyecto hasta el momento. Muy satisfechos de que 5 ejemplares de una suelta anterior se hayan establecido definitivamente en la finca.<\/p>\n<p> El Porcal ocupa una superficie de 432 ha, y en \u00e9l se ha desarrollado uno de los ecosistemas naturales m\u00e1s importantes de la Comunidad de Madrid. Se encuentra ubicado en el municipio de Rivas-Vaciamadrid, en pleno Parque Regional del Sureste de Madrid, en la confluencia entre los r\u00edos Jarama y Manzanares, a tan s\u00f3lo 40 kil\u00f3metros de la capital.<\/p>\n<p> En sus inicios, all\u00e1 por 1971, El Porcal fue una gravera autorizada para el aprovechamiento de recursos de gravas y arenas.*Hasta el a\u00f1o 2008, de la finca se obten\u00edan \u00e1ridos para la edificaci\u00f3n y desarrollo de infraestructuras, y para suministro a otras grandes industrias como son la del cemento, vidrio o pintura entre otras.<\/p>\n<p> Como consecuencia de las labores extractivas se originaron 10 lagunas grandes, junto a otras m\u00e1s peque\u00f1as, que con el tiempo se han transformado en el humedal m\u00e1s importante de la Comunidad de Madrid. Por ese motivo, hoy d\u00eda est\u00e1 incluido dentro del cat\u00e1logo de espacios protegidos del Parque Regional del Sureste de Madrid, y a nivel europeo, por su inter\u00e9s singular, dentro de la RED NATURA 2000.<\/p>\n<p> Para la conservaci\u00f3n de la finca, el Grupo mantiene un convenio con la Asociaci\u00f3n de Naturalistas Naumanni, quienes, desde hace m\u00e1s de tres d\u00e9cadas, se hacen cargo de su cuidado.<\/p>\n<p> All\u00ed viven 184 especies de vertebrados; entre los que destaca el Tej\u00f3n y la Nutria. 147 especies de aves de las que 15 se encuentran catalogadas en el Cat\u00e1logo Regional de Especies Amenazadas. La Malvas\u00eda cabeciblanca se encuentra amenazada a nivel nacional y en el Porcal se reproduce el 10% de la poblaci\u00f3n nacional. El Pato colorado tiene aqu\u00ed la \u00fanica poblaci\u00f3n reproductora de la CAM con m\u00e1s de 40 parejas. La Garza imperial cuenta con la mayor colonia de cr\u00eda de la regi\u00f3n con m\u00e1s de 45 parejas. Tambi\u00e9n cuenta con 14 especies de anfibios y reptiles como el Sapillo corredor o el Gal\u00e1pago leproso, ambos protegidos. Adem\u00e1s, cuenta con la \u00fanica poblaci\u00f3n de Glaucium flavum de la Comunidad de Madrid, una especie de amapola amarilla que se encuentra catalogada dentro de los h\u00e1bitats prioritarios de la Uni\u00f3n Europea.<\/p>\n<p> Emisor: Cementos Portland<\/p>\n<p>\nContacto<\/p>\n<p>\nNombre contacto: Grupo Cementos Portland Valderrivas, S.A.<\/p>\n<p>\nDescripci\u00f3n contacto: Grupo Cementos Portland Valderrivas, S.A.<\/p>\n<p>\nTel\u00e9fono de contacto: 91 396 01 00<\/p>\n","protected":false},"excerpt":{"rendered":"<p>(Informaci\u00f3n remitida por la empresa firmante) El consejero de Medio Ambiente, Agricultura e Interior de la Comunidad de Madrid, Carlos Novillo Piris visita, junto con representantes del Grupo Cementos Portland Valderrivas en El Porcal, una finca propiedad del Grupo, que est\u00e1 incluida como reserva de la biosfera de la Comunidad de Madrid, y como humedal [&hellip;]<\/p>\n","protected":false},"author":1,"featured_media":0,"comment_status":"closed","ping_status":"closed","sticky":false,"template":"","format":"standard","meta":{"footnotes":""},"categories":[],"tags":[],"class_list":["post-51258","post","type-post","status-publish","format-standard","hentry"],"_links":{"self":[{"href":"https:\/\/webciudadana.net\/index.php?rest_route=\/wp\/v2\/posts\/51258","targetHints":{"allow":["GET"]}}],"collection":[{"href":"https:\/\/webciudadana.net\/index.php?rest_route=\/wp\/v2\/posts"}],"about":[{"href":"https:\/\/webciudadana.net\/index.php?rest_route=\/wp\/v2\/types\/post"}],"author":[{"embeddable":true,"href":"https:\/\/webciudadana.net\/index.php?rest_route=\/wp\/v2\/users\/1"}],"replies":[{"embeddable":true,"href":"https:\/\/webciudadana.net\/index.php?rest_route=%2Fwp%2Fv2%2Fcomments&post=51258"}],"version-history":[{"count":0,"href":"https:\/\/webciudadana.net\/index.php?rest_route=\/wp\/v2\/posts\/51258\/revisions"}],"wp:attachment":[{"href":"https:\/\/webciudadana.net\/index.php?rest_route=%2Fwp%2Fv2%2Fmedia&parent=51258"}],"wp:term":[{"taxonomy":"category","embeddable":true,"href":"https:\/\/webciudadana.net\/index.php?rest_route=%2Fwp%2Fv2%2Fcategories&post=51258"},{"taxonomy":"post_tag","embeddable":true,"href":"https:\/\/webciudadana.net\/index.php?rest_route=%2Fwp%2Fv2%2Ftags&post=51258"}],"curies":[{"name":"wp","href":"https:\/\/api.w.org\/{rel}","templated":true}]}}