{"id":51259,"date":"2024-03-18T17:32:52","date_gmt":"2024-03-18T16:32:52","guid":{"rendered":"https:\/\/ticker-noticiasep.microcontenidos.com\/NoticiaRSS.vbhtml?user=XRNR562DLR&amp;cod=20240318173252"},"modified":"2024-03-18T17:32:52","modified_gmt":"2024-03-18T16:32:52","slug":"el-cabildo-hace-gala-de-una-ecoisla-2030-justa-inclusiva-ecologica-y-participativa","status":"publish","type":"post","link":"https:\/\/webciudadana.net\/?p=51259","title":{"rendered":"El Cabildo hace gala de una Ecoisla 2030 justa, inclusiva, ecol\u00f3gica y participativa"},"content":{"rendered":"\n<div><img decoding=\"async\" src=\"\/wp-content\/uploads\/sites\/2\/2024\/03\/el-cabildo-hace-gala-de-una-ecoisla-2030-justa-inclusiva-ecologica-y-participativa.jpg\" class=\"ff-og-image-inserted\"><\/div>\n<p>(Informaci\u00f3n remitida por la empresa firmante)<\/p>\n<p>\nCon una visi\u00f3n que integra las dimensiones social, econ\u00f3mica y medioambiental, el Cabildo de Gran Canaria reafirma en el I Simposio Ecoisla Gran Canaria 2030 su voluntad de avanzar en el desarrollo sostenible de la isla con las personas y su bienestar en el centro<\/p>\n<p>\nLas Palmas de Gran Canaria, 18 de marzo de 2024.-*El Cabildo de Gran Canaria cerr\u00f3 este viernes en INFECAR Feria de Gran Canaria, el I Simposio Ecoisla Gran Canaria 2030, un espacio que puso de manifiesto la apuesta decidida de la instituci\u00f3n insular por una isla sostenible, justa, inclusiva y participativa, a trav\u00e9s del alineamiento del ideal de Ecoisla Gran Canaria a la* Agenda 2030 internacional de Desarrollo Sostenible que transforme nuestra realidad y, sobre todo, no deje a nadie atr\u00e1s. Este primer simposio sirvi\u00f3 adem\u00e1s para mostrar los avances del alineamiento de la instituci\u00f3n insular, entre otros su propio mecanismo presupuestario, a los objetivos y metas de la Agenda Gran Canaria 2030.<\/p>\n<p> \u00abLa visi\u00f3n necesariamente multidimensional, integral y hol\u00edstica del desarrollo sostenible impregna nuestro ideal de Ecoisla Gran Canaria. De ah\u00ed que no se puedan desligar los avances en las metas asociadas a la dimensi\u00f3n Prosperidad, con m\u00e1s de la mitad de nuestro presupuesto insular, del resto de las dimensiones y metas de la Agenda 2030 que, directa o indirectamente, inciden en el bienestar de las personas, siempre dentro del \u00e1mbito* de competencias del Cabildo, que no incluyen los pilares centrales del estado del bienestar como son la sanidad, la educaci\u00f3n, las pensiones o las prestaciones por desempleo\u00bb, subraya Jorge P\u00e9rez Artiles, director de Participaci\u00f3n Ciudadana del Cabildo de Gran Canaria y coordinador de la Agenda 2030 en la instituci\u00f3n insular.<\/p>\n<p> El simposio const\u00f3 de casi una veintena de ponencias y dos talleres, en cuatro d\u00edas que pusieron de relieve experiencias a nivel local, estatal y estrat\u00e9gico, como aprendizaje para avanzar en la Agenda Ecoisla Gran Canaria 2030. Ra\u00fal Garc\u00eda Brink y Jorge P\u00e9rez Artiles desgranaron la estrategia insular de cumplimiento de la Agenda 2030, foto que completaron Octavio Mederos, con la alineaci\u00f3n presupuestaria, Ana M. Moreno Mederos, abordando el foro multiagente o alianza de agentes de un territorio, y Johner Perdomo explicando c\u00f3mo construir indicadores para el seguimiento y evaluaci\u00f3n de la Agenda 2030 en Canarias.<\/p>\n<p> Jos\u00e9 Correa Pernas, trat\u00f3 la aplicaci\u00f3n de la Agenda 2030 en el \u00e1mbito local, desde su* experiencia en la Red Espa\u00f1ola de Entidades Locales por la Agenda, visi\u00f3n que complet\u00f3 con el taller vespertino del martes. El especialista en comunicaci\u00f3n de la Agenda 2030, \u00d3scar Toro, intervino en dos ocasiones, en la primera dando claves sobre c\u00f3mo comunicar ideas complejas y en la segunda tratando el papel relevante de los medios de comunicaci\u00f3n.<\/p>\n<p> Al hilo de la exposici\u00f3n de Jos\u00e9 Ram\u00f3n Sobr\u00f3n Perea sobre la implicaci\u00f3n de la ciudadan\u00eda en la gobernanza p\u00fablica como factor estructurante para el \u00e9xito de la estrategia de desarrollo sostenible, se compartieron las experiencias de Sant Boi en Barcelona (Jos\u00e9 \u00c1ngel Carcel\u00e9n Luj\u00e1n y Francisco Guti\u00e9rrez Marchena) o Vitoria (Beatriz Garc\u00eda-Monc\u00f3 Pi\u00f1eiro), ambos referentes espa\u00f1oles de c\u00f3mo hacer de la Agenda Urbana el elemento activador de la Agenda 2030 de Desarrollo Sostenible.<\/p>\n<p> David Padr\u00f3n Marrero e Irene Bello Quintana completaron la visi\u00f3n de la Agenda 2030 a nivel canario desde dos perspectivas. Padr\u00f3n desde su mirada de responsable en la anterior legislatura de la Agenda Canaria de Desarrollo Sostenible 2030, como director general, adem\u00e1s de su perfil como acad\u00e9mico de la Universidad de La Laguna. Bello, presidenta de la Coordinadora Estatal de Organizaciones No Gubernamentales para el Desarrollo, resalt\u00f3 la importancia del asociacionismo de las asociaciones y entidades del Tercer Sector para involucrar a la ciudadan\u00eda en la transformaci\u00f3n real de las islas y el Planeta.<\/p>\n<p> El Foro de Empresas ODS y Agenda 2030, iniciativa de la mano de la C\u00e1mara de Comercio de Gran Canaria, se dirigi\u00f3 a empresas canarias en busca de sensibilizarlas en materia de sostenibilidad y la implementaci\u00f3n de la agenda global. Isabel Castillo, del Pacto Mundial de las Naciones Unidas en Espa\u00f1a, explic\u00f3 el trabajo que est\u00e1n haciendo las empresas espa\u00f1olas para impulsar la Agenda 2030 en Espa\u00f1a, mientras Alexis Robles, del Grupo Innovarias, present\u00f3 la normativa ISO en materia de aplicaci\u00f3n de la Agenda 2030. Finalmente, este primer foro empresarial analiz\u00f3 casos de \u00e9xito de las empresas grancanarias en una mesa redonda final.<\/p>\n<p> El broche final del Simposio cerr\u00f3 con una decena de iniciativas de entidades p\u00fablicas y privadas de Gran Canaria que se alinean con la Ecoisla Gran Canaria. Hablamos de Gran Canaria Mosaico, estrategia insular de prevenci\u00f3n de incendios; La Jaira de Ana, granja-escuela educativa del municipio de Ag\u00fcimes; Escuelas de Lucha Canaria, que adentran a la infancia en nuestro deporte vern\u00e1culo y patrimonio cultural; Ruta del Vino de Gran Canaria, producto enotur\u00edstico de la isla; el proceso participativo en la Plaza de la Villa de Santa Br\u00edgida, para facilitar soluciones participativas al mamotreto de Santa Br\u00edgida; la apuesta de SPAR Gran Canaria con el producto local y de kil\u00f3metro 0; Emplea Verde Gran Canaria de Foresta, reforestaci\u00f3n de especies vegetales aut\u00f3ctonas a trav\u00e9s de un plan de empleo; la Comunidad Energ\u00e9tica de la Zona Industrial de Arinaga, una soluci\u00f3n colectiva de energ\u00eda sostenible para el sector empresarial de la Zona Industrial de Arinaga; el diagn\u00f3stico y estrategia insular de igualdad en el sector de la cultura en Gran Canaria; y la cerveza Jaira Seaclouds, elaborada con agua de niebla.<\/p>\n<p> Este primer Simposio se ha realizado con la colaboraci\u00f3n de GESPLAN, INFECAR Feria de Gran Canaria y la C\u00e1mara de Comercio de Gran Canaria, que impuls\u00f3 el &#8216;Foro de Empresas ODS y Agenda 2030&#8217;.<\/p>\n<p> Emisor: El Cabildo<\/p>\n<p>\nContacto<\/p>\n<p>\nNombre contacto: Ra\u00fal Vega<\/p>\n<p>\nDescripci\u00f3n contacto: Jefe de Comunicaci\u00f3n<\/p>\n<p>\nTel\u00e9fono de contacto: 928915133<\/p>\n","protected":false},"excerpt":{"rendered":"<p>(Informaci\u00f3n remitida por la empresa firmante) Con una visi\u00f3n que integra las dimensiones social, econ\u00f3mica y medioambiental, el Cabildo de Gran Canaria reafirma en el I Simposio Ecoisla Gran Canaria 2030 su voluntad de avanzar en el desarrollo sostenible de la isla con las personas y su bienestar en el centro Las Palmas de Gran [&hellip;]<\/p>\n","protected":false},"author":1,"featured_media":0,"comment_status":"closed","ping_status":"closed","sticky":false,"template":"","format":"standard","meta":{"footnotes":""},"categories":[],"tags":[],"class_list":["post-51259","post","type-post","status-publish","format-standard","hentry"],"_links":{"self":[{"href":"https:\/\/webciudadana.net\/index.php?rest_route=\/wp\/v2\/posts\/51259","targetHints":{"allow":["GET"]}}],"collection":[{"href":"https:\/\/webciudadana.net\/index.php?rest_route=\/wp\/v2\/posts"}],"about":[{"href":"https:\/\/webciudadana.net\/index.php?rest_route=\/wp\/v2\/types\/post"}],"author":[{"embeddable":true,"href":"https:\/\/webciudadana.net\/index.php?rest_route=\/wp\/v2\/users\/1"}],"replies":[{"embeddable":true,"href":"https:\/\/webciudadana.net\/index.php?rest_route=%2Fwp%2Fv2%2Fcomments&post=51259"}],"version-history":[{"count":0,"href":"https:\/\/webciudadana.net\/index.php?rest_route=\/wp\/v2\/posts\/51259\/revisions"}],"wp:attachment":[{"href":"https:\/\/webciudadana.net\/index.php?rest_route=%2Fwp%2Fv2%2Fmedia&parent=51259"}],"wp:term":[{"taxonomy":"category","embeddable":true,"href":"https:\/\/webciudadana.net\/index.php?rest_route=%2Fwp%2Fv2%2Fcategories&post=51259"},{"taxonomy":"post_tag","embeddable":true,"href":"https:\/\/webciudadana.net\/index.php?rest_route=%2Fwp%2Fv2%2Ftags&post=51259"}],"curies":[{"name":"wp","href":"https:\/\/api.w.org\/{rel}","templated":true}]}}