{"id":51261,"date":"2024-03-18T18:07:49","date_gmt":"2024-03-18T17:07:49","guid":{"rendered":"https:\/\/ticker-noticiasep.microcontenidos.com\/NoticiaRSS.vbhtml?user=XRNR562DLR&amp;cod=20240318180749"},"modified":"2024-03-18T18:07:49","modified_gmt":"2024-03-18T17:07:49","slug":"edp-y-masymas-ponen-en-marcha-su-primera-instalacion-solar-en-marquesinas-para-autoconsumo","status":"publish","type":"post","link":"https:\/\/webciudadana.net\/?p=51261","title":{"rendered":"EDP y masymas ponen en marcha su primera instalaci\u00f3n solar en marquesinas para autoconsumo"},"content":{"rendered":"\n<div><img decoding=\"async\" src=\"\/wp-content\/uploads\/sites\/2\/2024\/03\/edp-y-masymas-ponen-en-marcha-su-primera-instalacion-solar-en-marquesinas-para-autoconsumo.jpg\" class=\"ff-og-image-inserted\"><\/div>\n<p> OVIEDO, 18 (EUROPA PRESS)<\/p>\n<p> Las compa\u00f1\u00eda EDP y Supermercados masymas (Hijos de Luis Rodr\u00edguez) han puesto en marcha su primera instalaci\u00f3n solar en marquesinas solares para autoconsumo o aparcamientos fotovoltaicos en Cudillero (Asturias).<\/p>\n<p> Este proyecto consiste en la instalaci\u00f3n de estructuras met\u00e1licas que protegen a los veh\u00edculos en un estacionamiento al aire libre y que llevan instalados paneles solares en su parte superior.<\/p>\n<p> El supermercado masymas de Cudillero es el primero en realizar esta apuesta de futuro en Asturias, una iniciativa que le permite producir energ\u00eda 100% renovable. La instalaci\u00f3n est\u00e1 compuesta por 180 paneles solares, tiene una potencia de 81 kWp y tendr\u00e1 una producci\u00f3n anual estimada de 103 MWh\/a\u00f1o, el equivalente al consumo el\u00e9ctrico medio anual de m\u00e1s de 21 hogares.<\/p>\n<p> El autoconsumo a trav\u00e9s de esta planta evitar\u00e1 la emisi\u00f3n anual de 11 toneladas de CO2 y tendr\u00e1 un impacto positivo en el medio ambiente igual al que generar\u00edan 70 nuevos \u00e1rboles. Las marquesinas solares transforman el concepto que tenemos de aparcamiento, ya que con ellas este tipo de espacios se convierten en plantas de generaci\u00f3n de electricidad que pueden servir para el autoconsumo de la empresa propietaria del mismo que, adem\u00e1s, gracias a esta innovaci\u00f3n conseguir\u00e1 un ahorro del 20% en su factura.<\/p>\n","protected":false},"excerpt":{"rendered":"<p>OVIEDO, 18 (EUROPA PRESS) Las compa\u00f1\u00eda EDP y Supermercados masymas (Hijos de Luis Rodr\u00edguez) han puesto en marcha su primera instalaci\u00f3n solar en marquesinas solares para autoconsumo o aparcamientos fotovoltaicos en Cudillero (Asturias). Este proyecto consiste en la instalaci\u00f3n de estructuras met\u00e1licas que protegen a los veh\u00edculos en un estacionamiento al aire libre y que [&hellip;]<\/p>\n","protected":false},"author":1,"featured_media":0,"comment_status":"closed","ping_status":"closed","sticky":false,"template":"","format":"standard","meta":{"footnotes":""},"categories":[],"tags":[],"class_list":["post-51261","post","type-post","status-publish","format-standard","hentry"],"_links":{"self":[{"href":"https:\/\/webciudadana.net\/index.php?rest_route=\/wp\/v2\/posts\/51261","targetHints":{"allow":["GET"]}}],"collection":[{"href":"https:\/\/webciudadana.net\/index.php?rest_route=\/wp\/v2\/posts"}],"about":[{"href":"https:\/\/webciudadana.net\/index.php?rest_route=\/wp\/v2\/types\/post"}],"author":[{"embeddable":true,"href":"https:\/\/webciudadana.net\/index.php?rest_route=\/wp\/v2\/users\/1"}],"replies":[{"embeddable":true,"href":"https:\/\/webciudadana.net\/index.php?rest_route=%2Fwp%2Fv2%2Fcomments&post=51261"}],"version-history":[{"count":0,"href":"https:\/\/webciudadana.net\/index.php?rest_route=\/wp\/v2\/posts\/51261\/revisions"}],"wp:attachment":[{"href":"https:\/\/webciudadana.net\/index.php?rest_route=%2Fwp%2Fv2%2Fmedia&parent=51261"}],"wp:term":[{"taxonomy":"category","embeddable":true,"href":"https:\/\/webciudadana.net\/index.php?rest_route=%2Fwp%2Fv2%2Fcategories&post=51261"},{"taxonomy":"post_tag","embeddable":true,"href":"https:\/\/webciudadana.net\/index.php?rest_route=%2Fwp%2Fv2%2Ftags&post=51261"}],"curies":[{"name":"wp","href":"https:\/\/api.w.org\/{rel}","templated":true}]}}