{"id":51263,"date":"2024-03-18T19:00:53","date_gmt":"2024-03-18T18:00:53","guid":{"rendered":"https:\/\/ticker-noticiasep.microcontenidos.com\/NoticiaRSS.vbhtml?user=XRNR562DLR&amp;cod=20240318190053"},"modified":"2024-03-18T19:00:53","modified_gmt":"2024-03-18T18:00:53","slug":"uclm-y-fundacion-biotyc-lanzan-un-aula-de-promocion-en-responsabilidad-social-para-aprendizaje-de-la-medicina","status":"publish","type":"post","link":"https:\/\/webciudadana.net\/?p=51263","title":{"rendered":"UCLM y Fundaci\u00f3n Biotyc lanzan un aula de promoci\u00f3n en responsabilidad social para aprendizaje de la medicina"},"content":{"rendered":"\n<div><img decoding=\"async\" src=\"\/wp-content\/uploads\/sites\/2\/2024\/03\/uclm-y-fundacion-biotyc-lanzan-un-aula-de-promocion-en-responsabilidad-social-para-aprendizaje-de-la-medicina.jpg\" class=\"ff-og-image-inserted\"><\/div>\n<p> ALBACETE, 18 (EUROPA PRESS)<\/p>\n<p> La Facultad de Medicina de Albacete de la Universidad de Castilla-La Mancha y la Fundaci\u00f3n Biotyc han puesto en marcha un aula-universidad que fomentar\u00e1 la formaci\u00f3n del profesorado, entre otras cosas, en responsabilidad social, analizando las necesidades actuales y futuras de la sociedad e incrementando de esta manera la calidad de la ense\u00f1anza-aprendizaje del alumnado en Medicina.<\/p>\n<p> Para ello se implementar\u00e1n nuevas tecnolog\u00edas de ense\u00f1anza participativa, de calidad de la evaluaci\u00f3n; se implicar\u00e1 al profesorado senior para la organizaci\u00f3n y coordinaci\u00f3n de ense\u00f1anza al nuevo profesorado; se realizar\u00e1n actividades en las clases potenciando la transversalidad vertical y la atenci\u00f3n primaria y se realizar\u00e1n talleres de simulaci\u00f3n cl\u00ednica en pregrado acoplada a la Inteligencia Artificial.<\/p>\n<p> Durante la presentaci\u00f3n del aula colaborativa, han estado presentes la vicerrectora de Innovaci\u00f3n, Empleo y Emprendimiento, \u00c1ngela Gonz\u00e1lez; el tesorero de la Fundaci\u00f3n, Juan P\u00e9rez; y la directora del Aula, S\u00edlvia Llorens, quien ha manifestado que el aula \u00abes fruto del compromiso de la Facultad y del Hospital con la responsabilidad social de la medicina, mejorando el nivel formativo de los futuros profesionales\u00bb.<\/p>\n<p> Las actividades del Aula previstas en el curso acad\u00e9mico 2023-2024 ya han comenzado a elaborarse y se recogen los siguientes avances: en la elaboraci\u00f3n del acr\u00f3nimo y logo del Aula; realizaci\u00f3n de cursos formativos, talleres de simulaci\u00f3n acopladas a IA, as\u00ed como la promoci\u00f3n y convocatoria de premios, ha informado la UCLM en nota de prensa.<\/p>\n<p> La nueva aula permitir\u00e1 el desarrollo de actividades de docencia e investigaci\u00f3n que son de inter\u00e9s mutuo para la Facultad de Medicina, el Hospital y los colectivos de profesorado-alumnado para el fortalecimiento de las competencias profesionales de los graduados en Medicina.<\/p>\n","protected":false},"excerpt":{"rendered":"<p>ALBACETE, 18 (EUROPA PRESS) La Facultad de Medicina de Albacete de la Universidad de Castilla-La Mancha y la Fundaci\u00f3n Biotyc han puesto en marcha un aula-universidad que fomentar\u00e1 la formaci\u00f3n del profesorado, entre otras cosas, en responsabilidad social, analizando las necesidades actuales y futuras de la sociedad e incrementando de esta manera la calidad de [&hellip;]<\/p>\n","protected":false},"author":1,"featured_media":0,"comment_status":"closed","ping_status":"closed","sticky":false,"template":"","format":"standard","meta":{"footnotes":""},"categories":[],"tags":[],"class_list":["post-51263","post","type-post","status-publish","format-standard","hentry"],"_links":{"self":[{"href":"https:\/\/webciudadana.net\/index.php?rest_route=\/wp\/v2\/posts\/51263","targetHints":{"allow":["GET"]}}],"collection":[{"href":"https:\/\/webciudadana.net\/index.php?rest_route=\/wp\/v2\/posts"}],"about":[{"href":"https:\/\/webciudadana.net\/index.php?rest_route=\/wp\/v2\/types\/post"}],"author":[{"embeddable":true,"href":"https:\/\/webciudadana.net\/index.php?rest_route=\/wp\/v2\/users\/1"}],"replies":[{"embeddable":true,"href":"https:\/\/webciudadana.net\/index.php?rest_route=%2Fwp%2Fv2%2Fcomments&post=51263"}],"version-history":[{"count":0,"href":"https:\/\/webciudadana.net\/index.php?rest_route=\/wp\/v2\/posts\/51263\/revisions"}],"wp:attachment":[{"href":"https:\/\/webciudadana.net\/index.php?rest_route=%2Fwp%2Fv2%2Fmedia&parent=51263"}],"wp:term":[{"taxonomy":"category","embeddable":true,"href":"https:\/\/webciudadana.net\/index.php?rest_route=%2Fwp%2Fv2%2Fcategories&post=51263"},{"taxonomy":"post_tag","embeddable":true,"href":"https:\/\/webciudadana.net\/index.php?rest_route=%2Fwp%2Fv2%2Ftags&post=51263"}],"curies":[{"name":"wp","href":"https:\/\/api.w.org\/{rel}","templated":true}]}}