{"id":51274,"date":"2024-03-19T09:21:38","date_gmt":"2024-03-19T08:21:38","guid":{"rendered":"https:\/\/ticker-noticiasep.microcontenidos.com\/NoticiaRSS.vbhtml?user=XRNR562DLR&amp;cod=20240319092138"},"modified":"2024-03-19T09:21:38","modified_gmt":"2024-03-19T08:21:38","slug":"mundo-proteja-tus-recuerdos-moviles-antes-del-dia-mundial-de-las-copias-de-seguridad-el-31-de-marzo-con-qubii-duo","status":"publish","type":"post","link":"https:\/\/webciudadana.net\/?p=51274","title":{"rendered":"Mundo: Proteja tus recuerdos m\u00f3viles antes del D\u00eda Mundial de las Copias de Seguridad, el 31 de marzo, con Qubii Duo"},"content":{"rendered":"\n<div><img decoding=\"async\" src=\"\/wp-content\/uploads\/sites\/2\/2024\/03\/mundo-proteja-tus-recuerdos-moviles-antes-del-dia-mundial-de-las-copias-de-seguridad-el-31-de-marzo-con-qubii-duo.jpg\" class=\"ff-og-image-inserted\"><\/div>\n<p>(Informaci\u00f3n remitida por la empresa firmante)<\/p>\n<p>\nTAIPEI, 19 de marzo de 2024 \/PRNewswire\/ &#8212; El 31 de marzo sirve de recordatorio cr\u00edtico para los ciudadanos digitales de todo el mundo: D\u00eda Mundial de las Copias de Seguridad. Los defensores del sector hacen un llamamiento a los ciudadanos para que protejan de forma proactiva sus activos digitales esenciales antes del D\u00eda de los Inocentes, una fecha muy aprovechada por los ciberdelincuentes mediante ataques de software malicioso. Sorprendentemente, los estudios indican que una de cada tres personas a\u00fan no ha realizado una copia de seguridad de los datos de sus dispositivos m\u00f3viles. Este descuido suele atribuirse a la reticencia a invertir en soluciones de almacenamiento en la nube o a una simple falta de conocimientos sobre el proceso de copia de seguridad. \u00bfCu\u00e1l es la consecuencia? Posible p\u00e9rdida irreversible de informaci\u00f3n y recuerdos digitales de valor incalculable.<\/p>\n<p> Llega Qubii Duo, la \u00faltima innovaci\u00f3n en soluciones de copia de seguridad de datos y galardonada con el Good Design Award. El dispositivo cuenta con una funci\u00f3n de copia de seguridad \u00abautom\u00e1tica\u00bb que se activa cada vez que el usuario carga su tel\u00e9fono m\u00f3vil para conservar sin problemas sus fotos, v\u00eddeos, contactos, contenidos de FB\/IG y mucho m\u00e1s. Cada vez que se recarga el tel\u00e9fono, entra en acci\u00f3n para garantizar que los recuerdos se guardan de forma segura. Incluso es lo suficientemente inteligente como para detectar contenido nuevo y evitar entradas duplicadas. La funci\u00f3n de bloqueo patentada de Qubii Duo garantiza la seguridad de los datos, impidiendo el acceso no autorizado, y ofrece a los usuarios la opci\u00f3n de ampliar la capacidad de almacenamiento seg\u00fan sus necesidades. La soluci\u00f3n destaca por su compromiso con la privacidad, ya que permite realizar copias de seguridad seguras de los datos sin conexi\u00f3n y sin los costes recurrentes asociados a los servicios de almacenamiento en la nube. Es compatible con dispositivos iOS y Android, incluidos iPads y tabletas, y facilita la transferencia de datos a ordenadores sin esfuerzo gracias a su funci\u00f3n plug-and-play, que no requiere conexi\u00f3n a Internet. Esta compatibilidad entre plataformas garantiza una transici\u00f3n sin problemas para los usuarios que cambian o actualizan sus dispositivos m\u00f3viles, lo que convierte a Qubii Duo en una herramienta indispensable en la era digital.<\/p>\n<p> En el competitivo panorama tecnol\u00f3gico, Qubii Duo se ha convertido en un \u00e9xito notable, con millones de unidades vendidas en todo el mundo. Su perfecta integraci\u00f3n con los dispositivos Apple, cortes\u00eda de su certificaci\u00f3n MFi, junto con un dise\u00f1o centrado en la experiencia del usuario, ha calado hondo entre los consumidores. Maktar celebra este logro ofreciendo una promoci\u00f3n especial para Qubii Duo del 18 de marzo al 5 de abril. Para quienes est\u00e9n intrigados por su gran acogida, pueden obtener m\u00e1s informaci\u00f3n en el sitio web de la promoci\u00f3n de Qubii Duo.<\/p>\n<p> Acerca de Maktar: Una marca emergente mundial especializada en el desarrollo y dise\u00f1o de perif\u00e9ricos para tel\u00e9fonos m\u00f3viles.<\/p>\n<p> Descubra las selecciones de productos espec\u00edficos de cada regi\u00f3n de Maktar:<\/p>\n<p>\nMaktar Germany: https:\/\/r.maktar.com\/germany<\/p>\n<p>\nCONTACTO: Nancy, mkt@maktar.com<\/p>\n<p>\nFoto &#8212; https:\/\/mma.prnewswire.com\/media\/2364027\/Maktar.jpg<\/p>\n<p> View original content:https:\/\/www.prnewswire.com\/news-releases\/proteja-tus-recuerdos-moviles-antes-del-dia-mundial-de-las-copias-de-seguridad-el-31-de-marzo-con-qubii-duo-302092622.html<\/p>\n","protected":false},"excerpt":{"rendered":"<p>(Informaci\u00f3n remitida por la empresa firmante) TAIPEI, 19 de marzo de 2024 \/PRNewswire\/ &#8212; El 31 de marzo sirve de recordatorio cr\u00edtico para los ciudadanos digitales de todo el mundo: D\u00eda Mundial de las Copias de Seguridad. Los defensores del sector hacen un llamamiento a los ciudadanos para que protejan de forma proactiva sus activos [&hellip;]<\/p>\n","protected":false},"author":1,"featured_media":0,"comment_status":"closed","ping_status":"closed","sticky":false,"template":"","format":"standard","meta":{"footnotes":""},"categories":[],"tags":[],"class_list":["post-51274","post","type-post","status-publish","format-standard","hentry"],"_links":{"self":[{"href":"https:\/\/webciudadana.net\/index.php?rest_route=\/wp\/v2\/posts\/51274","targetHints":{"allow":["GET"]}}],"collection":[{"href":"https:\/\/webciudadana.net\/index.php?rest_route=\/wp\/v2\/posts"}],"about":[{"href":"https:\/\/webciudadana.net\/index.php?rest_route=\/wp\/v2\/types\/post"}],"author":[{"embeddable":true,"href":"https:\/\/webciudadana.net\/index.php?rest_route=\/wp\/v2\/users\/1"}],"replies":[{"embeddable":true,"href":"https:\/\/webciudadana.net\/index.php?rest_route=%2Fwp%2Fv2%2Fcomments&post=51274"}],"version-history":[{"count":0,"href":"https:\/\/webciudadana.net\/index.php?rest_route=\/wp\/v2\/posts\/51274\/revisions"}],"wp:attachment":[{"href":"https:\/\/webciudadana.net\/index.php?rest_route=%2Fwp%2Fv2%2Fmedia&parent=51274"}],"wp:term":[{"taxonomy":"category","embeddable":true,"href":"https:\/\/webciudadana.net\/index.php?rest_route=%2Fwp%2Fv2%2Fcategories&post=51274"},{"taxonomy":"post_tag","embeddable":true,"href":"https:\/\/webciudadana.net\/index.php?rest_route=%2Fwp%2Fv2%2Ftags&post=51274"}],"curies":[{"name":"wp","href":"https:\/\/api.w.org\/{rel}","templated":true}]}}