{"id":51288,"date":"2024-03-19T13:15:40","date_gmt":"2024-03-19T12:15:40","guid":{"rendered":"https:\/\/ticker-noticiasep.microcontenidos.com\/NoticiaRSS.vbhtml?user=XRNR562DLR&amp;cod=20240319131540"},"modified":"2024-03-19T13:15:40","modified_gmt":"2024-03-19T12:15:40","slug":"el-faro-celebra-la-ii-edicion-de-la-torrijada-y-un-market-solidario-a-favor-de-la-hermandad-de-la-soledad","status":"publish","type":"post","link":"https:\/\/webciudadana.net\/?p=51288","title":{"rendered":"El Faro celebra la II Edici\u00f3n de &#8216;la torrijada&#8217; y un &#8216;market solidario&#8217; a favor de la Hermandad de la Soledad"},"content":{"rendered":"\n<div><img decoding=\"async\" src=\"\/wp-content\/uploads\/sites\/2\/2024\/03\/el-faro-celebra-la-ii-edicion-de-la-torrijada-y-un-market-solidario-a-favor-de-la-hermandad-de-la-soledad.jpg\" class=\"ff-og-image-inserted\"><\/div>\n<p>(Informaci\u00f3n remitida por la empresa firmante)<\/p>\n<p> BADAJOZ, 19 (EUROPA PRESS)<\/p>\n<p> El centro comercial El Faro (Badajoz) pondr\u00e1 en marcha este jueves su segunda edici\u00f3n de la &#8216;torrijada&#8217; a trav\u00e9s de una degustaci\u00f3n gratuita de m\u00e1s de 1.000 unidades de este tradicional dulce de Cuaresma. Una actividad que el centro pacense realizar\u00e1 para dar la bienvenida a la Semana Santa y que complementar\u00e1 con un rinc\u00f3n solidario tipo &#8216;market&#8217; a beneficio de la Hermandad de la Soledad, Patrona de Badajoz.<\/p>\n<p> Desde El Faro han explicado que, para acceder a la gran &#8216;torrijada&#8217; tendr\u00e1 lugar a partir de las 18,00 horas del jueves, frente al local de la Agencia de Viajes El Corte Ingl\u00e9s, \u00fanicamente ser\u00e1 necesario escanear el cup\u00f3n de esta actividad en la App del centro comercial. Tan solo con este cup\u00f3n tanto a visitantes como a empleados podr\u00e1n degustar los distintos tipos de torrijas ofrecidas seg\u00fan sus preferencias.<\/p>\n<p> En este sentido, el gerente del centro comercial El Faro, Paulo Belchior, ha se\u00f1alado que \u00abesta actividad se ha convertido en la mejor forma de dar el pistoletazo de salida a una celebraci\u00f3n de tanto calado como es la Semana Santa en la capital pacense\u00bb.<\/p>\n<p> La &#8216;torrijada&#8217; tambi\u00e9n supondr\u00e1 el arranque de una actividad solidaria que se llevar\u00e1 a cabo desde el mismo jueves y se extender\u00e1 hasta el s\u00e1bado, un &#8216;Rinc\u00f3n Solidario&#8217; en el que los visitantes podr\u00e1n adquirir a precio de saldo productos de diferentes categor\u00edas cuyo importe ser\u00e1 \u00edntegramente destinado a beneficio del proyecto social de la Hermandad de la Soledad. Un proyecto mediante el cual el a\u00f1o pasado se llegaron a servir m\u00e1s de 25.500 desayunos.<\/p>\n<p> En este mercadillo solidario se pondr\u00e1n a la venta a precio reducido una gran variedad de art\u00edculos adquiridos y donados por los propios establecimientos del centro comercial y contar\u00e1 con dos horarios distintos con la idea de facilitar su disponibilidad a todos los visitantes, en el horario de tarde tanto este jueves como este viernes, y en horario de ma\u00f1ana y tarde para el s\u00e1bado.<\/p>\n<p> Cabe recordar que la Hermandad de Nuestra Se\u00f1ora de la Soledad gracias al grupo de voluntarios con el que cuenta as\u00ed como a las empresas e instituciones colaboradoras, ofrece con fondos propios desayunos diarios a un gran n\u00famero de personas necesitadas de 8,00 a 11,00 horas en sus instalaciones.<\/p>\n<p> El Faro, propiedad de Castellana Properties y gestionado por Cushman &amp; Wakefield, como motor econ\u00f3mico y social de la regi\u00f3n, desarrolla a lo largo del a\u00f1o distintas acciones sociales, ambientales y culturales a fin de colaborar en la mejora y enriquecimiento de su entorno m\u00e1s inmediato. La realizaci\u00f3n en sus instalaciones de estas iniciativas forma parte de su responsabilidad que persigue la continua involucraci\u00f3n en la vida de los pacenses.<\/p>\n<p>\nContacto de Prensa: Arancha Ruiz 600 90 54 82 aruiz@europapress.es <\/p>\n","protected":false},"excerpt":{"rendered":"<p>(Informaci\u00f3n remitida por la empresa firmante) BADAJOZ, 19 (EUROPA PRESS) El centro comercial El Faro (Badajoz) pondr\u00e1 en marcha este jueves su segunda edici\u00f3n de la &#8216;torrijada&#8217; a trav\u00e9s de una degustaci\u00f3n gratuita de m\u00e1s de 1.000 unidades de este tradicional dulce de Cuaresma. Una actividad que el centro pacense realizar\u00e1 para dar la bienvenida [&hellip;]<\/p>\n","protected":false},"author":1,"featured_media":0,"comment_status":"closed","ping_status":"closed","sticky":false,"template":"","format":"standard","meta":{"footnotes":""},"categories":[],"tags":[],"class_list":["post-51288","post","type-post","status-publish","format-standard","hentry"],"_links":{"self":[{"href":"https:\/\/webciudadana.net\/index.php?rest_route=\/wp\/v2\/posts\/51288","targetHints":{"allow":["GET"]}}],"collection":[{"href":"https:\/\/webciudadana.net\/index.php?rest_route=\/wp\/v2\/posts"}],"about":[{"href":"https:\/\/webciudadana.net\/index.php?rest_route=\/wp\/v2\/types\/post"}],"author":[{"embeddable":true,"href":"https:\/\/webciudadana.net\/index.php?rest_route=\/wp\/v2\/users\/1"}],"replies":[{"embeddable":true,"href":"https:\/\/webciudadana.net\/index.php?rest_route=%2Fwp%2Fv2%2Fcomments&post=51288"}],"version-history":[{"count":0,"href":"https:\/\/webciudadana.net\/index.php?rest_route=\/wp\/v2\/posts\/51288\/revisions"}],"wp:attachment":[{"href":"https:\/\/webciudadana.net\/index.php?rest_route=%2Fwp%2Fv2%2Fmedia&parent=51288"}],"wp:term":[{"taxonomy":"category","embeddable":true,"href":"https:\/\/webciudadana.net\/index.php?rest_route=%2Fwp%2Fv2%2Fcategories&post=51288"},{"taxonomy":"post_tag","embeddable":true,"href":"https:\/\/webciudadana.net\/index.php?rest_route=%2Fwp%2Fv2%2Ftags&post=51288"}],"curies":[{"name":"wp","href":"https:\/\/api.w.org\/{rel}","templated":true}]}}