{"id":51292,"date":"2024-03-19T13:30:06","date_gmt":"2024-03-19T12:30:06","guid":{"rendered":"https:\/\/ticker-noticiasep.microcontenidos.com\/NoticiaRSS.vbhtml?user=XRNR562DLR&amp;cod=20240319133006"},"modified":"2024-03-19T13:30:06","modified_gmt":"2024-03-19T12:30:06","slug":"atom-hoteles-finaliza-la-primera-fase-de-inversion-en-ilunion-les-corts-apostando-por-la-accesibilidad","status":"publish","type":"post","link":"https:\/\/webciudadana.net\/?p=51292","title":{"rendered":"Atom Hoteles finaliza la primera fase de inversi\u00f3n en Ilunion Les Corts apostando por la accesibilidad"},"content":{"rendered":"\n<div><img decoding=\"async\" src=\"\/wp-content\/uploads\/sites\/2\/2024\/03\/atom-hoteles-finaliza-la-primera-fase-de-inversion-en-ilunion-les-corts-apostando-por-la-accesibilidad.jpg\" class=\"ff-og-image-inserted\"><\/div>\n<p> MADRID, 19 (EUROPA PRESS)<\/p>\n<p> Atom Hoteles Socimi, siguiendo con su plan de rotaci\u00f3n y mejora de los activos en su cartera, ha anunciado la finalizaci\u00f3n de la primera fase de inversi\u00f3n conjunta en el hotel Ilunion Les Corts de Barcelona.<\/p>\n<p> Con esta acci\u00f3n, se ha apostado por la mejora en la accesibilidad en las habitaciones de acuerdo con el compromiso compartido de ambas organizaciones con la responsabilidad social corporativa y la creaci\u00f3n de entornos inclusivos en el \u00e1mbito hotelero.<\/p>\n<p> El hotel Ilunion Les Corts se encuentra situado en el centro de la ciudad de Barcelona, y es operado por Ilunion Hotels, compa\u00f1\u00eda hotelera que posee el Certificado Global en Accesibilidad Universal (UNE-170001-2), adem\u00e1s de contar con el Sello EFQM 600+.<\/p>\n<p> El activo parte de la cartera de Atom Hoteles Socimi, ha finalizado la primera fase de su plan de reforma integral, donde se ha centrado la inversi\u00f3n en adaptar habitaciones y ba\u00f1os para personas con movilidad reducida, con el objetivo de proporcionar un entorno m\u00e1s accesible y acogedor para todos los hu\u00e9spedes.<\/p>\n<p> Tambi\u00e9n se ha realizado una reforma integral tanto los accesos del hotel y como en toda la planta baja.<\/p>\n<p> Atom Hoteles un veh\u00edculo de inversi\u00f3n alternativa enfocado en el sector hotelero, promovido por Bankinter en enero de 2018 junto con el gestor de activos inmobiliarios GMA, y que, a fecha de hoy, tras las dos ampliaciones de capital realizadas, ha atra\u00eddo a casi 800 accionistas.<\/p>\n<p> Su estrategia se ha basado en constituir una cartera de hoteles de cuatro y cinco estrellas urbanos y vacacionales, en destinos prioritarios y cedidos en r\u00e9gimen de arrendamiento a largo plazo a operadores de primer nivel nacionales e internaciones y hoteleros independientes.<\/p>\n<p> En la actualidad, la cartera de ATOM est\u00e1 formada por 28 establecimientos, que suman un total de 6.713 habitaciones, con un valor de activos superior a 900 millones de euros.<\/p>\n","protected":false},"excerpt":{"rendered":"<p>MADRID, 19 (EUROPA PRESS) Atom Hoteles Socimi, siguiendo con su plan de rotaci\u00f3n y mejora de los activos en su cartera, ha anunciado la finalizaci\u00f3n de la primera fase de inversi\u00f3n conjunta en el hotel Ilunion Les Corts de Barcelona. Con esta acci\u00f3n, se ha apostado por la mejora en la accesibilidad en las habitaciones [&hellip;]<\/p>\n","protected":false},"author":1,"featured_media":0,"comment_status":"closed","ping_status":"closed","sticky":false,"template":"","format":"standard","meta":{"footnotes":""},"categories":[],"tags":[],"class_list":["post-51292","post","type-post","status-publish","format-standard","hentry"],"_links":{"self":[{"href":"https:\/\/webciudadana.net\/index.php?rest_route=\/wp\/v2\/posts\/51292","targetHints":{"allow":["GET"]}}],"collection":[{"href":"https:\/\/webciudadana.net\/index.php?rest_route=\/wp\/v2\/posts"}],"about":[{"href":"https:\/\/webciudadana.net\/index.php?rest_route=\/wp\/v2\/types\/post"}],"author":[{"embeddable":true,"href":"https:\/\/webciudadana.net\/index.php?rest_route=\/wp\/v2\/users\/1"}],"replies":[{"embeddable":true,"href":"https:\/\/webciudadana.net\/index.php?rest_route=%2Fwp%2Fv2%2Fcomments&post=51292"}],"version-history":[{"count":0,"href":"https:\/\/webciudadana.net\/index.php?rest_route=\/wp\/v2\/posts\/51292\/revisions"}],"wp:attachment":[{"href":"https:\/\/webciudadana.net\/index.php?rest_route=%2Fwp%2Fv2%2Fmedia&parent=51292"}],"wp:term":[{"taxonomy":"category","embeddable":true,"href":"https:\/\/webciudadana.net\/index.php?rest_route=%2Fwp%2Fv2%2Fcategories&post=51292"},{"taxonomy":"post_tag","embeddable":true,"href":"https:\/\/webciudadana.net\/index.php?rest_route=%2Fwp%2Fv2%2Ftags&post=51292"}],"curies":[{"name":"wp","href":"https:\/\/api.w.org\/{rel}","templated":true}]}}