{"id":51294,"date":"2024-03-19T14:24:52","date_gmt":"2024-03-19T13:24:52","guid":{"rendered":"https:\/\/ticker-noticiasep.microcontenidos.com\/NoticiaRSS.vbhtml?user=XRNR562DLR&amp;cod=20240319142452"},"modified":"2024-03-19T14:24:52","modified_gmt":"2024-03-19T13:24:52","slug":"empresas-y-universidades-compartiran-manana-ideas-para-estimular-la-empleabilidad-en-el-foro-jobs-together-de-universia","status":"publish","type":"post","link":"https:\/\/webciudadana.net\/?p=51294","title":{"rendered":"Empresas y universidades compartir\u00e1n ma\u00f1ana ideas para estimular la empleabilidad en el foro Jobs Together de Universia"},"content":{"rendered":"\n<div><img decoding=\"async\" src=\"\/wp-content\/uploads\/sites\/2\/2024\/03\/empresas-y-universidades-compartiran-manana-ideas-para-estimular-la-empleabilidad-en-el-foro-jobs-together-de-universia.jpg\" class=\"ff-og-image-inserted\"><\/div>\n<p> MADRID, 19 (EUROPA PRESS)<\/p>\n<p> Universia estrena este mi\u00e9rcoles su primer foro Jobs Together de 2024, un espacio colaborativo ideado para que grandes empresas y universidades compartan buenas pr\u00e1cticas e ideas innovadoras para impulsar la empleabilidad del talento joven y el desarrollo de las habilidades y capacidades que ahora demanda el mercado laboral.<\/p>\n<p> La Universidad Pontificia Comillas de Madrid acoger\u00e1 este encuentro en el que se abordar\u00e1n temas como la actualizaci\u00f3n de la cotizaci\u00f3n a la Seguridad Social y Estatuto de estudiantes en pr\u00e1cticas, el mapa del talento junior en 2024 o la radiograf\u00eda del talento joven en la actualidad.<\/p>\n<p> Responsables de empresas como Linkedin Repsol o Ntt Data, adem\u00e1s de Universia, participar\u00e1n en esta cita para dar su visi\u00f3n sobre los temas de la jornada y compartir\u00e1n buenas pr\u00e1cticas con portavoces de los servicios de empleo y carreras profesionales de universidades como la propia Pontificia Comillas, Rey Juan Carlos, Loyola o la Universidad de Murcia.<\/p>\n<p> La jornada, en la que tambi\u00e9n participa Fundaci\u00f3n Universia, finalizar\u00e1 con la experiencia &#8216;Abre tus sentidos&#8217;, una experiencia inmersiva para experimentar la realidad de las personas con discapacidad y romper estereotipos y prejuicios que siguen existiendo en la sociedad y en el mundo laboral.<\/p>\n<p> Beatriz Sevillano, talent manager en Universia, ha puesto en valor iniciativas como esta, con las que consiguen \u00abconectar a empresas y universidades para lograr avanzar de forma cohesionada en el impulso del empleo del talento junior\u00bb.<\/p>\n<p> \u00abPara este primer Jobs Together del a\u00f1o esperamos acercar a los responsables de servicios de empleo y RRHH a los nuevos retos a los que se enfrentan para la gesti\u00f3n, contrataci\u00f3n y desarrollo profesional de la generaci\u00f3n Z. Alinear las iniciativas har\u00e1 que respondamos a las necesidades del mercado y seamos m\u00e1s eficientes\u00bb concluye Sevillano, que anima a empresas y universidades a participar en la pr\u00f3xima cita.<\/p>\n","protected":false},"excerpt":{"rendered":"<p>MADRID, 19 (EUROPA PRESS) Universia estrena este mi\u00e9rcoles su primer foro Jobs Together de 2024, un espacio colaborativo ideado para que grandes empresas y universidades compartan buenas pr\u00e1cticas e ideas innovadoras para impulsar la empleabilidad del talento joven y el desarrollo de las habilidades y capacidades que ahora demanda el mercado laboral. La Universidad Pontificia [&hellip;]<\/p>\n","protected":false},"author":1,"featured_media":0,"comment_status":"closed","ping_status":"closed","sticky":false,"template":"","format":"standard","meta":{"footnotes":""},"categories":[],"tags":[],"class_list":["post-51294","post","type-post","status-publish","format-standard","hentry"],"_links":{"self":[{"href":"https:\/\/webciudadana.net\/index.php?rest_route=\/wp\/v2\/posts\/51294","targetHints":{"allow":["GET"]}}],"collection":[{"href":"https:\/\/webciudadana.net\/index.php?rest_route=\/wp\/v2\/posts"}],"about":[{"href":"https:\/\/webciudadana.net\/index.php?rest_route=\/wp\/v2\/types\/post"}],"author":[{"embeddable":true,"href":"https:\/\/webciudadana.net\/index.php?rest_route=\/wp\/v2\/users\/1"}],"replies":[{"embeddable":true,"href":"https:\/\/webciudadana.net\/index.php?rest_route=%2Fwp%2Fv2%2Fcomments&post=51294"}],"version-history":[{"count":0,"href":"https:\/\/webciudadana.net\/index.php?rest_route=\/wp\/v2\/posts\/51294\/revisions"}],"wp:attachment":[{"href":"https:\/\/webciudadana.net\/index.php?rest_route=%2Fwp%2Fv2%2Fmedia&parent=51294"}],"wp:term":[{"taxonomy":"category","embeddable":true,"href":"https:\/\/webciudadana.net\/index.php?rest_route=%2Fwp%2Fv2%2Fcategories&post=51294"},{"taxonomy":"post_tag","embeddable":true,"href":"https:\/\/webciudadana.net\/index.php?rest_route=%2Fwp%2Fv2%2Ftags&post=51294"}],"curies":[{"name":"wp","href":"https:\/\/api.w.org\/{rel}","templated":true}]}}