{"id":51297,"date":"2024-03-19T15:57:51","date_gmt":"2024-03-19T14:57:51","guid":{"rendered":"https:\/\/ticker-noticiasep.microcontenidos.com\/NoticiaRSS.vbhtml?user=XRNR562DLR&amp;cod=20240319155751"},"modified":"2024-03-19T15:57:51","modified_gmt":"2024-03-19T14:57:51","slug":"ofita-se-adhiere-al-codigo-de-principios-de-la-diversidad-generacional","status":"publish","type":"post","link":"https:\/\/webciudadana.net\/?p=51297","title":{"rendered":"Ofita se adhiere al C\u00f3digo de Principios de la Diversidad Generacional"},"content":{"rendered":"\n<div><img decoding=\"async\" src=\"\/wp-content\/uploads\/sites\/2\/2024\/03\/ofita-se-adhiere-al-codigo-de-principios-de-la-diversidad-generacional.jpg\" class=\"ff-og-image-inserted\"><\/div>\n<p>(Informaci\u00f3n remitida por la empresa firmante)<\/p>\n<p>\nOfita ha firmado el C\u00f3digo de Principios de Diversidad Generacional, impulsado por el Observatorio Generaci\u00f3n &amp; Talento. Con su adhesi\u00f3n, Ofita reconoce el desarrollo favorable de la gesti\u00f3n de personas basado en la igualdad de oportunidades con total independencia de la edad, y asegurando la no discriminaci\u00f3n y el respeto a la diversidad generacional<\/p>\n<p>\nMadrid, 19 de marzo de 2024.-*Ofita ha firmado el C\u00f3digo de Principios de Diversidad Generacional, impulsado por el Observatorio Generaci\u00f3n &amp; Talento. Con su adhesi\u00f3n, Ofita reconoce el desarrollo favorable de la gesti\u00f3n de personas basado en la igualdad de oportunidades con total independencia de la edad, y asegurando la no discriminaci\u00f3n y el respeto a la diversidad generacional.<\/p>\n<p> Jonatan Molina, director comercial de Ofita, recibi\u00f3 este certificado durante la gala de los Premios Generacci\u00f3n, que anualmente reconoce a las organizaciones que han impulsado pr\u00e1cticas para mejorar la sensibilizaci\u00f3n, promoci\u00f3n, difusi\u00f3n o investigaci\u00f3n de la diversidad generacional, fuera o dentro de la propia organizaci\u00f3n y cuyos beneficiarios son las personas u otras organizaciones.<\/p>\n<p> \u00abOfita da un nuevo paso en su firme compromiso social con la equidad laboral y se suma con mucha ilusi\u00f3n al C\u00f3digo de Principios de Diversidad Generacional impulsado por el Observatorio Generaci\u00f3n Talento. La empresa ha firmado una acci\u00f3n que Ofita promueve desde su nacimiento: el desarrollo profesional basado en la no discriminaci\u00f3n y en la igualdad de oportunidades de todos los empleados, independientemente de su edad, g\u00e9nero, cultura o raza. En Ofita, la diversidad generacional de los trabajadores es una realidad\u00bb, ha comentado Jonatan Molina al recoger el distintivo.<\/p>\n<p> Con este sello, Ofita se compromete al cumplimiento de estos principios:<\/p>\n<p>\n1\u00ba Divulgar y aplicar de los principios recogidos en las Directivas Europeas.<\/p>\n<p> 2\u00ba Fomentar el desarrollo de una pol\u00edtica activa de diversidad generacional.<\/p>\n<p> 3\u00ba Comprometerse paulatinamente a ser un reflejo del entorno de una sociedad diversa.<\/p>\n<p> 4\u00ba Garantizar el respeto a las pol\u00edticas de diversidad generacional en el empleo.<\/p>\n<p> 5\u00ba Desarrollar el principio de igualdad de oportunidades.<\/p>\n<p> 6\u00ba Cumplir con la legalidad vigente.<\/p>\n<p> El sello de su adhesi\u00f3n al C\u00f3digo de Principios de Diversidad Generacional es un testimonio m\u00e1s del prop\u00f3sito de Ofita y de los valores que gu\u00edan el d\u00eda a d\u00eda de todas las personas que forman la compa\u00f1\u00eda, especialmente del valor \u00abCrear un mundo mejor\u00bb, que hace referencia a c\u00f3mo la empresa vela por el entorno y por sus personas.<\/p>\n<p> Emisor: Ofita<\/p>\n<p>\nContacto<\/p>\n<p>\nNombre contacto: Rosa Sagarna<\/p>\n<p>\nDescripci\u00f3n contacto: notorius comunicacion<\/p>\n<p>\nTel\u00e9fono de contacto: 629640990<\/p>\n","protected":false},"excerpt":{"rendered":"<p>(Informaci\u00f3n remitida por la empresa firmante) Ofita ha firmado el C\u00f3digo de Principios de Diversidad Generacional, impulsado por el Observatorio Generaci\u00f3n &amp; Talento. Con su adhesi\u00f3n, Ofita reconoce el desarrollo favorable de la gesti\u00f3n de personas basado en la igualdad de oportunidades con total independencia de la edad, y asegurando la no discriminaci\u00f3n y el [&hellip;]<\/p>\n","protected":false},"author":1,"featured_media":0,"comment_status":"closed","ping_status":"closed","sticky":false,"template":"","format":"standard","meta":{"footnotes":""},"categories":[],"tags":[],"class_list":["post-51297","post","type-post","status-publish","format-standard","hentry"],"_links":{"self":[{"href":"https:\/\/webciudadana.net\/index.php?rest_route=\/wp\/v2\/posts\/51297","targetHints":{"allow":["GET"]}}],"collection":[{"href":"https:\/\/webciudadana.net\/index.php?rest_route=\/wp\/v2\/posts"}],"about":[{"href":"https:\/\/webciudadana.net\/index.php?rest_route=\/wp\/v2\/types\/post"}],"author":[{"embeddable":true,"href":"https:\/\/webciudadana.net\/index.php?rest_route=\/wp\/v2\/users\/1"}],"replies":[{"embeddable":true,"href":"https:\/\/webciudadana.net\/index.php?rest_route=%2Fwp%2Fv2%2Fcomments&post=51297"}],"version-history":[{"count":0,"href":"https:\/\/webciudadana.net\/index.php?rest_route=\/wp\/v2\/posts\/51297\/revisions"}],"wp:attachment":[{"href":"https:\/\/webciudadana.net\/index.php?rest_route=%2Fwp%2Fv2%2Fmedia&parent=51297"}],"wp:term":[{"taxonomy":"category","embeddable":true,"href":"https:\/\/webciudadana.net\/index.php?rest_route=%2Fwp%2Fv2%2Fcategories&post=51297"},{"taxonomy":"post_tag","embeddable":true,"href":"https:\/\/webciudadana.net\/index.php?rest_route=%2Fwp%2Fv2%2Ftags&post=51297"}],"curies":[{"name":"wp","href":"https:\/\/api.w.org\/{rel}","templated":true}]}}