{"id":51298,"date":"2024-03-19T15:56:23","date_gmt":"2024-03-19T14:56:23","guid":{"rendered":"https:\/\/ticker-noticiasep.microcontenidos.com\/NoticiaRSS.vbhtml?user=XRNR562DLR&amp;cod=20240319155623"},"modified":"2024-03-19T15:56:23","modified_gmt":"2024-03-19T14:56:23","slug":"intu-xanadu-acoge-la-presentacion-del-gran-premio-de-espana-de-motocross","status":"publish","type":"post","link":"https:\/\/webciudadana.net\/?p=51298","title":{"rendered":"intu Xanad\u00fa acoge la presentaci\u00f3n del Gran Premio de Espa\u00f1a de Motocross"},"content":{"rendered":"\n<div><img decoding=\"async\" src=\"\/wp-content\/uploads\/sites\/2\/2024\/03\/intu-xanadu-acoge-la-presentacion-del-gran-premio-de-espana-de-motocross.jpg\" class=\"ff-og-image-inserted\"><\/div>\n<p>(Informaci\u00f3n remitida por la empresa firmante)<\/p>\n<p> Madrid, 19 de marzo de 2024. Un a\u00f1o m\u00e1s, los nervios est\u00e1n a flor de piel ante el comienzo del Gran Premio de Espa\u00f1a de Motocross en intu Xanad\u00fa (Arroyomolinos). Por quinta temporada consecutiva, la Comunidad de Madrid acoge el Mundial de motocross los d\u00edas 23 y 24 de marzo, con una novedad destacada: el cambio de fecha ha convertido el Gran Premio en el primero en la ronda europea. Adem\u00e1s, el motocross nacional vive un momento \u00fanico, con Jorge Prado luciendo el n\u00famero 1 de campe\u00f3n del mundo de 2023 y Daniela Guill\u00e9n como vigente subcampeona de la categor\u00eda femenina, que inicia la temporada en Madrid. Mucha emoci\u00f3n para el p\u00fablico nacional, que puede disfrutar como nunca del Mundial.<\/p>\n<p> La presentaci\u00f3n oficial del evento la arranc\u00f3 Alexis Mart\u00edn, gerente de intu Xanad\u00fa, que vuelve a ser anfitri\u00f3n del Gran Premio de Espa\u00f1a. \u00abVivir el comienzo del Mundial en suelo europeo es un aut\u00e9ntico privilegio para nosotros. Doy gracias al trabajo y colaboraci\u00f3n de todos los implicados, que nos ha convertido en una de las mejores pruebas del Mundial. Durante todo el fin de semana, quienes vengan a disfrutar del campeonato, podr\u00e1n acceder a nuestra amplia oferta gastron\u00f3mica. Adem\u00e1s, tendremos habilitada una zona de autocaravanas y se permitir\u00e1 aparcar junto al circuito a los que vengan en moto\u00bb, se\u00f1al\u00f3 Alexis.<\/p>\n<p> Tambi\u00e9n mostr\u00f3 su entusiasmo el vicepresidente de la Federaci\u00f3n Espa\u00f1ola de Motociclismo, Jos\u00e9 Ram\u00f3n Garc\u00eda Mart\u00edn: \u00abA nivel internacional, hemos logrado que se conozca el circuito madrile\u00f1o de intu Xanad\u00fa. Su buena situaci\u00f3n, es uno de sus valores a\u00f1adidos, que merece la pena destacar. Gracias a todos los implicados, Comunidad, Ayuntamiento y organizaci\u00f3n, por su ayuda y labor para sacar esto adelante\u00bb, quiso dedicar unas palabras a los responsables de este evento.<\/p>\n<p> Luis Quiroga, alcalde de Arroyomolinos, se estrena este a\u00f1o en el motocross. \u00abSomos un municipio de 36.000 habitantes, que ha logrado una proeza muy alejada de cualquier quiniela, situarse entre los mejores en el circuito internacional. Para nosotros es un honor formar parte de esta aventura y representa una oportunidad para darnos a conocer m\u00e1s all\u00e1 de nuestras fronteras\u00bb, aseguraba Luis.<\/p>\n<p> Por parte de la organizaci\u00f3n, habl\u00f3 su responsable, Diego Mu\u00f1oz, de Last Lap, art\u00edfice e impulsor de este Gran Premio de Espa\u00f1a. \u00abAbrimos temporada, despu\u00e9s de Argentina, con la temporada europea. La parrilla estar\u00e1 llena, con todos los pilotos en plena forma, y cuatro categor\u00edas, MXGP, MX2, WMX y el Europeo de 250. En la categor\u00eda reina, Jorge Prado llega l\u00edder tras su victoria en Argentina\u00bb, anunciaba. En este 2024, el circuito estar\u00e1 m\u00e1s bonito que nunca. Tras las lluvias recientes en Madrid, el verde ha inundado los terrenos y nos permitir\u00e1 disfrutar del trazado como nunca se ha visto. Marcadamente t\u00e9cnico, es un circuito que los pilotos deben conocer para no fallar. \u00abSin duda es el circuito m\u00e1s caliente del Mundial, con seis tribunas rozando la arena, que hacen sentir a los pilotos que el p\u00fablico est\u00e1 con ellos\u00bb, aseguraba Diego.<\/p>\n<p> El circuito contar\u00e1 con una amplia zona de food trucks, actividades pensadas para todos los p\u00fablicos,&#8230; incluso una firma con los pilotos m\u00e1s destacados el viernes a las 18.20 horas en El Corte Ingl\u00e9s, a la que podr\u00e1n asistir los aficionados.<\/p>\n<p> Los pilotos llegan en plena forma. Jorge Prado ha sacado a relucir todo su talento, m\u00e1s fuerte desde que se proclamase campe\u00f3n del Mundo en 2023 en la categor\u00eda reina. Jorge pretende repetir en este 2024 el pleno que logr\u00f3 en 2020, cuando sus seguidores no pudieron disfrutar de su triunfo. El otro espa\u00f1ol de la categor\u00eda, Rub\u00e9n Fern\u00e1ndez, se qued\u00f3 tocado en Argentina y apura la recuperaci\u00f3n para poder estar en el Gran Premio. En MX2, hay tres pilotos destacados, con la categor\u00eda m\u00e1s emocionante que nunca, y varios espa\u00f1oles peleando por entrar en el top ten (Oriol Oliver, David Braceras, Samuel Nilsson o Yago Mart\u00ednez). Las espa\u00f1olas tambi\u00e9n estar\u00e1n presentes en el Mundial femenino, con la subcampeona Daniela Guill\u00e9n luchando por el t\u00edtulo desde su arranque.<\/p>\n<p> La parte deportiva de la presentaci\u00f3n qued\u00f3 en manos de Gabriela Seisdedos, que acompa\u00f1\u00f3 a los pilotos en el escenario. Ser\u00e1 la primera vez que la nueve veces campeona de Espa\u00f1a no est\u00e9 rodando en el circuito. Junto a ella estaban Samuel Nilsson, Carmen G\u00f3mez, la m\u00e1s j\u00f3ven del Mundial Femenino, y Lucas Bodega que estar\u00e1 en MXGP. \u00abTengo muchas ganas de la carrera de casa, pretendo quedar entre los quince primeros\u00bb, asegura Nilsson. \u00abEs un lujo correr aqu\u00ed, en mi pa\u00eds, la primera carrera del Mundial. Me gustar\u00eda acabar lo m\u00e1s alto posible\u00bb, declaraba la novata Carmen, futura promesa del motocross femenino.<\/p>\n<p> Cerraba el acto Alberto Tom\u00e9, director general de Deportes de la Comunidad de Madrid. \u00abEs un lujo poder tener no s\u00f3lo este espacio que nos ofrece intu Xanad\u00fa, sino que tambi\u00e9n contamos con el ayuntamiento de Arroyomolinos. Agradecemos el esfuerzo para que el deporte siga siendo prioritario en nuestras vidas. Estoy seguro de que un a\u00f1o m\u00e1s volveremos a disfrutar del mejor motocross del mundo de la mano de nuestros pilotos\u00bb, finalizaba su intervenci\u00f3n.<\/p>\n<p> La fiesta del motocross est\u00e1 ya preparada, las gradas montadas, los equipos llegando* todo listo para una cita que promete ser hist\u00f3rica. Las \u00faltimas entradas siguen disponibles en la web para no perderse un fin de semana primaveral de motocross en estado puro. <\/p>\n<p> Construido en el a\u00f1o 2003, intu Xanad\u00fa es el complejo comercial y de ocio m\u00e1s grande de la Comunidad de Madrid. Con una superficie total de 154.000 metros cuadrados en dos niveles, m\u00e1s de 220 tiendas y 10.000 plazas de aparcamiento, alberga operadores de primer nivel como Grupo Inditex, El Corte Ingl\u00e9s, Decathlon, Hollister, Primark, H&amp;M, Mango, Scalpers y Apple. Con hasta 13 millones de visitantes al a\u00f1o, dispone de &#8216;\u00e1gora by intu Xanad\u00fa&#8217;, un espacio \u00fanico que a\u00fana gastronom\u00eda y entretenimiento en un entorno rodeado de naturaleza, innovaci\u00f3n, confort y bienestar. Un destino de ocio para disfrutar de SnoZone, la \u00fanica pista de esqu\u00ed cubierta de Espa\u00f1a y la m\u00e1s grande de Europa con 18.000 metros cuadrados; Cinesa Luxe, Atlantis Aquarium y el nuevo Ilusiona. Una estrategia enmarcada en su concepto de complejo comercial que viene potenciada desde su compra por el fondo brit\u00e1nico intu en marzo de 2017. intu Xanad\u00fa cuenta con un s\u00f3lido compromiso con la creaci\u00f3n de valor a la sociedad y la generaci\u00f3n de un impacto positivo en su desempe\u00f1o ambiental y en las comunidades locales de su entorno.<\/p>\n<p> Para m\u00e1s informaci\u00f3n y gesti\u00f3n de entrevistas: <\/p>\n<p> europa press Comunicaci\u00f3n &#8211; 91 359 26 00 <\/p>\n<p> Silvia Mullor &#8211; silviamullor@europapress.es <\/p>\n<p> Leticia G\u00f3mez &#8211; leticiagomez@europapress.es <\/p>\n","protected":false},"excerpt":{"rendered":"<p>(Informaci\u00f3n remitida por la empresa firmante) Madrid, 19 de marzo de 2024. Un a\u00f1o m\u00e1s, los nervios est\u00e1n a flor de piel ante el comienzo del Gran Premio de Espa\u00f1a de Motocross en intu Xanad\u00fa (Arroyomolinos). Por quinta temporada consecutiva, la Comunidad de Madrid acoge el Mundial de motocross los d\u00edas 23 y 24 de [&hellip;]<\/p>\n","protected":false},"author":1,"featured_media":0,"comment_status":"closed","ping_status":"closed","sticky":false,"template":"","format":"standard","meta":{"footnotes":""},"categories":[],"tags":[],"class_list":["post-51298","post","type-post","status-publish","format-standard","hentry"],"_links":{"self":[{"href":"https:\/\/webciudadana.net\/index.php?rest_route=\/wp\/v2\/posts\/51298","targetHints":{"allow":["GET"]}}],"collection":[{"href":"https:\/\/webciudadana.net\/index.php?rest_route=\/wp\/v2\/posts"}],"about":[{"href":"https:\/\/webciudadana.net\/index.php?rest_route=\/wp\/v2\/types\/post"}],"author":[{"embeddable":true,"href":"https:\/\/webciudadana.net\/index.php?rest_route=\/wp\/v2\/users\/1"}],"replies":[{"embeddable":true,"href":"https:\/\/webciudadana.net\/index.php?rest_route=%2Fwp%2Fv2%2Fcomments&post=51298"}],"version-history":[{"count":0,"href":"https:\/\/webciudadana.net\/index.php?rest_route=\/wp\/v2\/posts\/51298\/revisions"}],"wp:attachment":[{"href":"https:\/\/webciudadana.net\/index.php?rest_route=%2Fwp%2Fv2%2Fmedia&parent=51298"}],"wp:term":[{"taxonomy":"category","embeddable":true,"href":"https:\/\/webciudadana.net\/index.php?rest_route=%2Fwp%2Fv2%2Fcategories&post=51298"},{"taxonomy":"post_tag","embeddable":true,"href":"https:\/\/webciudadana.net\/index.php?rest_route=%2Fwp%2Fv2%2Ftags&post=51298"}],"curies":[{"name":"wp","href":"https:\/\/api.w.org\/{rel}","templated":true}]}}