{"id":51301,"date":"2024-03-19T15:35:51","date_gmt":"2024-03-19T14:35:51","guid":{"rendered":"https:\/\/ticker-noticiasep.microcontenidos.com\/NoticiaRSS.vbhtml?user=XRNR562DLR&amp;cod=20240319153551"},"modified":"2024-03-19T15:35:51","modified_gmt":"2024-03-19T14:35:51","slug":"fundacion-ecolec-y-acema-renuevan-su-acuerdo-para-la-gestion-de-residuos-de-aparatos-electricos-y-electronicos","status":"publish","type":"post","link":"https:\/\/webciudadana.net\/?p=51301","title":{"rendered":"Fundaci\u00f3n Ecolec y ACEMA renuevan su acuerdo para la gesti\u00f3n de residuos de aparatos el\u00e9ctricos y electr\u00f3nicos"},"content":{"rendered":"\n<div><img decoding=\"async\" src=\"\/wp-content\/uploads\/sites\/2\/2024\/03\/fundacion-ecolec-y-acema-renuevan-su-acuerdo-para-la-gestion-de-residuos-de-aparatos-electricos-y-electronicos.jpg\" class=\"ff-og-image-inserted\"><\/div>\n<p>El convenio dar\u00e1 cobertura a m\u00e1s de 600 puntos de venta de electrodom\u00e9sticos, muebles de cocina y servicios de asistencia t\u00e9cnica<\/p>\n<p> MADRID, 19 (EUROPA PRESS)<\/p>\n<p> La Fundaci\u00f3n ECOLEC, organizaci\u00f3n sin \u00e1nimo de lucro para el reciclaje de aparatos el\u00e9ctricos y electr\u00f3nicos, y la Asociaci\u00f3n de Comerciantes de Electrodom\u00e9sticos, Muebles de Cocina y Aut\u00f3nomos (ACEMA) han renovado su convenio de colaboraci\u00f3n para la correcta gesti\u00f3n de los residuos de aparatos el\u00e9ctricos y electr\u00f3nicos (RAEE) para 2024.<\/p>\n<p> Durante 2023, ACEMA indica que gestion\u00f3, a trav\u00e9s de ECOLEC, cerca de 3.500 toneladas de residuos de aparatos el\u00e9ctricos y electr\u00f3nicos. Con este nuevo acuerdo, que se prorroga para 2024, las entidades dar\u00e1n cobertura a m\u00e1s de 600 puntos de venta de electrodom\u00e9sticos, muebles de cocina y servicios de asistencia t\u00e9cnica.<\/p>\n<p> Esta colaboraci\u00f3n se inici\u00f3 en 2011 con un modelo de acuerdo que, seg\u00fan han indicado, permiti\u00f3 maximizar la compensaci\u00f3n econ\u00f3mica que reciben los puntos de venta por la labor de clasificaci\u00f3n, separaci\u00f3n y puesta a disposici\u00f3n de los Sistemas Colectivos de Responsabilidad Ampliada del Productor (SCRAP) que gestiona ECOLEC.<\/p>\n<p> Como ha explicado el presidente de ACEMA, Jos\u00e9 Manuel Fern\u00e1ndez, ambas entidades realizan acciones de difusi\u00f3n y concienciaci\u00f3n entre sus asociados y los consumidores sobre la \u00abnecesidad de practicar un comercio responsable, de proximidad y comprometido con el cuidado del Medio Ambiente\u00bb.<\/p>\n<p> Asimismo, ACEMA busca ayudar a sus asociados con el cumplimiento de las obligaciones derivadas del RD 110\/2025 sobre RAEE y del resto de normativa medioambiental. En concreto, como ha indicado, fomenta la formaci\u00f3n entre sus asociados \u00aben todas aquellas cuestiones que les afectan en el d\u00eda a d\u00eda, como en la defensa de sus intereses ante administraciones p\u00fablicas y otros stakeholders\u00bb.<\/p>\n<p> En este sentido, el director general de Fundaci\u00f3n ECOLEC, Luis Moreno, ha destacado que la satisfacci\u00f3n es \u00abm\u00e1xima\u00bb porque ven \u00abc\u00f3mo el reciclaje responsable crece con cada ejercicio\u00bb. \u00abHa quedado demostrado que el trabajo conjunto es primordial para contribuir a la econom\u00eda circular y a la reutilizaci\u00f3n de los materiales\u00bb, ha a\u00f1adido.<\/p>\n<p> Con la ratificaci\u00f3n de este acuerdo, ECOLEC ofrecer\u00e1 el servicio de recogida y posterior reciclado y valorizaci\u00f3n de RAEE de todos los asociados de ACEMA en las diferentes comunidades aut\u00f3nomas y regiones en las que opera ACEMA. Del mismo modo, apoyar\u00e1 a ACEMA y sus asociados en las labores de divulgaci\u00f3n para que los responsables de los establecimientos y los consumidores tengan toda la informaci\u00f3n sobre la correcta recogida de este tipo de residuos.<\/p>\n","protected":false},"excerpt":{"rendered":"<p>El convenio dar\u00e1 cobertura a m\u00e1s de 600 puntos de venta de electrodom\u00e9sticos, muebles de cocina y servicios de asistencia t\u00e9cnica MADRID, 19 (EUROPA PRESS) La Fundaci\u00f3n ECOLEC, organizaci\u00f3n sin \u00e1nimo de lucro para el reciclaje de aparatos el\u00e9ctricos y electr\u00f3nicos, y la Asociaci\u00f3n de Comerciantes de Electrodom\u00e9sticos, Muebles de Cocina y Aut\u00f3nomos (ACEMA) han [&hellip;]<\/p>\n","protected":false},"author":1,"featured_media":0,"comment_status":"closed","ping_status":"closed","sticky":false,"template":"","format":"standard","meta":{"footnotes":""},"categories":[],"tags":[],"class_list":["post-51301","post","type-post","status-publish","format-standard","hentry"],"_links":{"self":[{"href":"https:\/\/webciudadana.net\/index.php?rest_route=\/wp\/v2\/posts\/51301","targetHints":{"allow":["GET"]}}],"collection":[{"href":"https:\/\/webciudadana.net\/index.php?rest_route=\/wp\/v2\/posts"}],"about":[{"href":"https:\/\/webciudadana.net\/index.php?rest_route=\/wp\/v2\/types\/post"}],"author":[{"embeddable":true,"href":"https:\/\/webciudadana.net\/index.php?rest_route=\/wp\/v2\/users\/1"}],"replies":[{"embeddable":true,"href":"https:\/\/webciudadana.net\/index.php?rest_route=%2Fwp%2Fv2%2Fcomments&post=51301"}],"version-history":[{"count":0,"href":"https:\/\/webciudadana.net\/index.php?rest_route=\/wp\/v2\/posts\/51301\/revisions"}],"wp:attachment":[{"href":"https:\/\/webciudadana.net\/index.php?rest_route=%2Fwp%2Fv2%2Fmedia&parent=51301"}],"wp:term":[{"taxonomy":"category","embeddable":true,"href":"https:\/\/webciudadana.net\/index.php?rest_route=%2Fwp%2Fv2%2Fcategories&post=51301"},{"taxonomy":"post_tag","embeddable":true,"href":"https:\/\/webciudadana.net\/index.php?rest_route=%2Fwp%2Fv2%2Ftags&post=51301"}],"curies":[{"name":"wp","href":"https:\/\/api.w.org\/{rel}","templated":true}]}}