{"id":51305,"date":"2024-03-19T16:53:03","date_gmt":"2024-03-19T15:53:03","guid":{"rendered":"https:\/\/ticker-noticiasep.microcontenidos.com\/NoticiaRSS.vbhtml?user=XRNR562DLR&amp;cod=20240319165303"},"modified":"2024-03-19T16:53:03","modified_gmt":"2024-03-19T15:53:03","slug":"iii-edicion-del-congreso-de-informatica-de-masterd","status":"publish","type":"post","link":"https:\/\/webciudadana.net\/?p=51305","title":{"rendered":"III Edici\u00f3n del Congreso de inform\u00e1tica de MasterD"},"content":{"rendered":"\n<div><img decoding=\"async\" src=\"\/wp-content\/uploads\/sites\/2\/2024\/03\/iii-edicion-del-congreso-de-informatica-de-masterd.jpg\" class=\"ff-og-image-inserted\"><\/div>\n<p>(Informaci\u00f3n remitida por la empresa firmante)<\/p>\n<p>\nJa\u00e9n, 19 de marzo de 2024.- Los avances tecnol\u00f3gicos han generado varias rupturas en el mundo laboral, cambiando de forma estructural las maneras en las que se concibe el trabajo, el crecimiento personal y la preparaci\u00f3n profesional.<\/p>\n<p> Por este motivo, el centro de formaci\u00f3n en nuevas tecnolog\u00edas MasterD se ha propuesto reflexionar sobre la incidencia de las tecnolog\u00edas en el campo laboral. A lo largo de varias ponencias que van a presentarse en la pr\u00f3xima edici\u00f3n de su congreso, se intentar\u00e1 responder a esta cuesti\u00f3n. El III Congreso Tecnol\u00f3gico de Inform\u00e1tica y Comunicaciones de MasterD cuenta con la participaci\u00f3n de expertos, asociaciones y empresas del \u00e1rea de la inform\u00e1tica y las telecomunicaciones, quienes expondr\u00e1n sus posturas y resultados de investigaci\u00f3n sobre esta problem\u00e1tica.<\/p>\n<p> Inteligencia artificial y profesiones del futuro<\/p>\n<p>\nLa jornada se realizar\u00e1 el pr\u00f3ximo 21 de marzo, v\u00eda online, y contar\u00e1 con la participaci\u00f3n de Sara Pellicer, quien compartir\u00e1 su experiencia como Digital Project Manager; una profesi\u00f3n que, en sus palabras, le cambi\u00f3 la vida y le proporcion\u00f3 las herramientas para fraguar su futuro profesional. Junto a Pellicer, Nacho Lapuente presentar\u00e1 su ponencia \u00abBienvenidos a la inteligencia artificial\u00bb, introduciendo a las personas un concepto que, hoy por hoy, tiene un puesto destacado en los procesos productivos actuales. En paralelo, Manuel Lemos compartir\u00e1 parte de su experiencia como vicepresidente de la Asociaci\u00f3n Nacional de Big Data y Analytics (ANBAN), haciendo \u00e9nfasis en la labor de esta organizaci\u00f3n en el acompa\u00f1amiento e implementaci\u00f3n de nuevas tecnolog\u00edas en instituciones y empresas que buscan modernizar sus procesos para hacer frente a un ecosistema digital que exige infraestructura m\u00e1s avanzada y software m\u00e1s eficientes.<\/p>\n<p> Para aglutinar todos estos puntos de vista y centralizar las conclusiones de este congreso inform\u00e1tica, el director de la Escuela de Inform\u00e1tica y Comunicaciones de MasterD, Germ\u00e1n Escalante, resaltar\u00e1 la importancia de las nuevas tecnolog\u00edas en el campo laboral, teniendo en cuenta que, en el contexto actual, las telecomunicaciones y la transformaci\u00f3n tecnol\u00f3gica son la clave para la modernizaci\u00f3n del sector productivo. En el marco del congreso, el director tambi\u00e9n realizar\u00e1 la presentaci\u00f3n del Premio a la Excelencia Educativa de la Fundaci\u00f3n Gala que, por segundo a\u00f1o consecutivo, le otorga a MasterD el reconocimiento a mejor centro educativo para la transformaci\u00f3n e innovaci\u00f3n digital.<\/p>\n<p> Espacios de alta tecnolog\u00eda<\/p>\n<p>\nSi bien la asistencia al evento es 100 % online y gratuita, los invitados se dar\u00e1n cita en la sala m\u00faltiple del Espacio Core, la cual se encuentra equipada con dispositivos tecnol\u00f3gicos de vanguardia que permiten la conectividad en tiempo real, ofreciendo a los asistentes una experiencia inmersiva de calidad que emula espacios de conferencias \u00f3ptimos y agradables. Con el III Congreso Tecnol\u00f3gico de Inform\u00e1tica y Comunicaciones, MasterD espera contribuir a la reflexi\u00f3n acad\u00e9mica sobre la incidencia de la tecnolog\u00eda en diferentes aspectos de la vida actual, proporcionando a los asistentes las herramientas necesarias para preguntarse sobre el papel que cumple el ecosistema digital en el mundo laboral.<\/p>\n<p> Contacto<\/p>\n<p>\nEmisor: MasterD<\/p>\n<p>\nContacto: Gabinete Period\u00edstico<\/p>\n<p>\nEmail de contacto: comunicados@prensaymedios.com<\/p>\n<p>\n*<\/p>\n","protected":false},"excerpt":{"rendered":"<p>(Informaci\u00f3n remitida por la empresa firmante) Ja\u00e9n, 19 de marzo de 2024.- Los avances tecnol\u00f3gicos han generado varias rupturas en el mundo laboral, cambiando de forma estructural las maneras en las que se concibe el trabajo, el crecimiento personal y la preparaci\u00f3n profesional. Por este motivo, el centro de formaci\u00f3n en nuevas tecnolog\u00edas MasterD se [&hellip;]<\/p>\n","protected":false},"author":1,"featured_media":0,"comment_status":"closed","ping_status":"closed","sticky":false,"template":"","format":"standard","meta":{"footnotes":""},"categories":[],"tags":[],"class_list":["post-51305","post","type-post","status-publish","format-standard","hentry"],"_links":{"self":[{"href":"https:\/\/webciudadana.net\/index.php?rest_route=\/wp\/v2\/posts\/51305","targetHints":{"allow":["GET"]}}],"collection":[{"href":"https:\/\/webciudadana.net\/index.php?rest_route=\/wp\/v2\/posts"}],"about":[{"href":"https:\/\/webciudadana.net\/index.php?rest_route=\/wp\/v2\/types\/post"}],"author":[{"embeddable":true,"href":"https:\/\/webciudadana.net\/index.php?rest_route=\/wp\/v2\/users\/1"}],"replies":[{"embeddable":true,"href":"https:\/\/webciudadana.net\/index.php?rest_route=%2Fwp%2Fv2%2Fcomments&post=51305"}],"version-history":[{"count":0,"href":"https:\/\/webciudadana.net\/index.php?rest_route=\/wp\/v2\/posts\/51305\/revisions"}],"wp:attachment":[{"href":"https:\/\/webciudadana.net\/index.php?rest_route=%2Fwp%2Fv2%2Fmedia&parent=51305"}],"wp:term":[{"taxonomy":"category","embeddable":true,"href":"https:\/\/webciudadana.net\/index.php?rest_route=%2Fwp%2Fv2%2Fcategories&post=51305"},{"taxonomy":"post_tag","embeddable":true,"href":"https:\/\/webciudadana.net\/index.php?rest_route=%2Fwp%2Fv2%2Ftags&post=51305"}],"curies":[{"name":"wp","href":"https:\/\/api.w.org\/{rel}","templated":true}]}}