{"id":51307,"date":"2024-03-19T16:58:19","date_gmt":"2024-03-19T15:58:19","guid":{"rendered":"https:\/\/ticker-noticiasep.microcontenidos.com\/NoticiaRSS.vbhtml?user=XRNR562DLR&amp;cod=20240319165819"},"modified":"2024-03-19T16:58:19","modified_gmt":"2024-03-19T15:58:19","slug":"natalia-denegri-recibe-el-prestigioso-premio-callas-en-new-york-por-su-labor-periodistica-y-filantropica","status":"publish","type":"post","link":"https:\/\/webciudadana.net\/?p=51307","title":{"rendered":"Natalia Denegri recibe el prestigioso Premio Callas en New York, por su labor period\u00edstica y filantr\u00f3pica"},"content":{"rendered":"\n<div><img decoding=\"async\" src=\"\/wp-content\/uploads\/sites\/2\/2024\/03\/natalia-denegri-recibe-el-prestigioso-premio-callas-en-new-york-por-su-labor-periodistica-y-filantropica.jpg\" class=\"ff-og-image-inserted\"><\/div>\n<p>(Informaci\u00f3n remitida por la empresa firmante)<\/p>\n<p>\nLa periodista, conductora, productora y fil\u00e1ntropa \u00edtalo-argentina radicada en Estados Unidos fue premiada por su labor period\u00edstica y filantr\u00f3pica en favor de las familias hispanas en territorio norteamericano, en un evento en el que particip\u00f3 el c\u00f3nsul italiano en Nueva York, Cesare Bieller<\/p>\n<p>\nNueva York, 19 de marzo de 2024.-*En una velada repleta de emoci\u00f3n y distinci\u00f3n, la destacada periodista argentina Natalia Denegri fue honrada con el prestigioso Callas Tribute Prize New York en una ceremonia conmovedora llevada a cabo el pasado jueves 7 de marzo en el Instituto Italiano de Cultura de Nueva York. Este reconocimiento, que rinde homenaje a la legendaria soprano Mar\u00eda Callas en el centenario de su nacimiento, destaca la excelencia femenina en diversas esferas de acci\u00f3n.<\/p>\n<p> Natalia Denegri fue elogiada por su destacada labor period\u00edstica y por sus actividades filantr\u00f3picas. \u00abLa periodista, productora audiovisual y emprendedora gastron\u00f3mica Natalia Denegri ser\u00e1 premiada por su compromiso filantr\u00f3pico a trav\u00e9s de su programa de televisi\u00f3n Corazones guerreros, que tiene como ejes centrales el bienestar de la ni\u00f1ez y la solidaridad, y por sus extraordinarios documentales sociales. Adem\u00e1s de ser la \u00fanica descendiente de italianos que ha ganado 26 premios Emmy\u00bb, dice la nominaci\u00f3n que fue le\u00edda el pasado 5 de marzo en una rueda de prensa realizada en el Parlamento Italiano.<\/p>\n<p> La gala de premiaci\u00f3n fue presentada por la destacada periodista y escritora italiana Claudia Conte, una ferviente defensora de los derechos de las mujeres y la lucha contra la violencia de g\u00e9nero. Entre los distinguidos galardonados tambi\u00e9n se encontraban la soprano l\u00edrica In\u00e9s Salazar, la influencer estadounidense Desiree Busnelli, la cantante espa\u00f1ola Amalia Toboso, embajadora de \u00abM\u00fasica sin Fronteras\u00bb, y las actrices Clarissa Burt y Carol Alt, reconocidas personalidades italianas muy activas en el \u00e1mbito social y solidario, entre otras personalidades. Tambi\u00e9n participaron el c\u00f3nsul italiano en Nueva York, Cesare Bieller, y el famoso dise\u00f1ador de moda Guillermo \u00abEmo\u00bb Pandelli, reconocido por vestir a estrellas de renombre como Madonna.*<\/p>\n<p> \u00abEste a\u00f1o marca el centenario del nacimiento de Mar\u00eda Callas, y es especialmente significativo que el premio se celebre en Nueva York, la ciudad natal de la Divina, en el marco del D\u00eda Internacional de la Mujer. A trav\u00e9s del Mar\u00eda Callas Tribute Prize, honramos el talento de las mujeres, su tenacidad, coraje, pasi\u00f3n y creatividad, recordando las contribuciones excepcionales de mujeres destacadas en diversos campos\u00bb, expres\u00f3 Claudia Conte al comenzar el evento.<\/p>\n<p> Durante la ceremonia tambi\u00e9n recibi\u00f3 un reconocimiento el empresario y fil\u00e1ntropo Alan Hassenfeld, ex CEO de Hasbro Toys y director de Hassenfeld Family Foundation, la fundaci\u00f3n de la que Denegri es vocera para Estados Unidos y Latinoam\u00e9rica desde hace m\u00e1s de una d\u00e9cada.<\/p>\n<p> Aunque no pudo estar presente en la ceremonia debido a que se encontraba en medio de una misi\u00f3n solidaria para asistir a ni\u00f1os con discapacidad, Denegri estuvo representada por su colega y amigo, el periodista argentino, Ronen Suarc, quien vive desde hace ya varios a\u00f1os en Nueva York. En nombre de Denegri, Suarc pronunci\u00f3 unas emotivas palabras en ingl\u00e9s que emocionaron a la audiencia: \u00abEn mi viaje, he aprendido que incluso los gestos m\u00e1s peque\u00f1os de compasi\u00f3n pueden provocar un cambio profundo en la vida de los dem\u00e1s. Con profunda gratitud y humildad acepto este reconocimiento, rodeada de personas extraordinarias dedicadas a marcar la diferencia. A mis compa\u00f1eros homenajeados, les ofrezco mi m\u00e1s profundo agradecimiento. Sigamos demostrando que la bondad es el arma m\u00e1s poderosa para cambiar este mundo\u00bb.<\/p>\n<p> El Callas Tribute Prize New York, ideado y producido por Dante Mariti, cont\u00f3 con la colaboraci\u00f3n del Prof. Fabio Finotti, director del Instituto Italiano de Cultura de Nueva York, y el periodista de Rai Claudio Pagliara. Es un premio anual que celebra el coraje, la pasi\u00f3n y la creatividad, allanando el camino para futuros talentos femeninos y, al mismo tiempo, es una oportunidad para promover la diversidad, la sensibilidad y la innovaci\u00f3n en el arte, para un futuro m\u00e1s inclusivo.<\/p>\n<p> Denegri tiene una larga historia que la une a Italia. Adem\u00e1s de ser descendiente de italianos, vivi\u00f3 hitos muy importantes de su carrera en dicho pa\u00eds: la realizaci\u00f3n de su primera pel\u00edcula internacional como actriz y productora con Uma, la publicaci\u00f3n de dos libros Corazones guerreros y Coraz\u00f3n de mam\u00e1 por la editorial italiana Infinito Edizioni y su primera visita al Papa Francisco en el Vaticano.<\/p>\n<p> Adem\u00e1s, tambi\u00e9n tiene una conexi\u00f3n especial con Nueva York, en donde desembarcar\u00e1 pr\u00f3ximamente en su faceta de empresaria gastron\u00f3mica con la apertura de dos nuevas sucursales de Baires Grill, la famosa cadena de restaurantes de gastronom\u00eda argentina en la que Denegri es socia, que comenz\u00f3 en la Florida y que se est\u00e1 expandiendo por todos los Estados Unidos.<\/p>\n<p> Contacto<\/p>\n<p>\nEmisor: MARINELLYS TREMAMUNNO<\/p>\n<p>\nContacto: Gabinete Period\u00edstico<\/p>\n<p>\nEmail de contacto: comunicados@prensaymedios.com<\/p>\n","protected":false},"excerpt":{"rendered":"<p>(Informaci\u00f3n remitida por la empresa firmante) La periodista, conductora, productora y fil\u00e1ntropa \u00edtalo-argentina radicada en Estados Unidos fue premiada por su labor period\u00edstica y filantr\u00f3pica en favor de las familias hispanas en territorio norteamericano, en un evento en el que particip\u00f3 el c\u00f3nsul italiano en Nueva York, Cesare Bieller Nueva York, 19 de marzo de [&hellip;]<\/p>\n","protected":false},"author":1,"featured_media":0,"comment_status":"closed","ping_status":"closed","sticky":false,"template":"","format":"standard","meta":{"footnotes":""},"categories":[],"tags":[],"class_list":["post-51307","post","type-post","status-publish","format-standard","hentry"],"_links":{"self":[{"href":"https:\/\/webciudadana.net\/index.php?rest_route=\/wp\/v2\/posts\/51307","targetHints":{"allow":["GET"]}}],"collection":[{"href":"https:\/\/webciudadana.net\/index.php?rest_route=\/wp\/v2\/posts"}],"about":[{"href":"https:\/\/webciudadana.net\/index.php?rest_route=\/wp\/v2\/types\/post"}],"author":[{"embeddable":true,"href":"https:\/\/webciudadana.net\/index.php?rest_route=\/wp\/v2\/users\/1"}],"replies":[{"embeddable":true,"href":"https:\/\/webciudadana.net\/index.php?rest_route=%2Fwp%2Fv2%2Fcomments&post=51307"}],"version-history":[{"count":0,"href":"https:\/\/webciudadana.net\/index.php?rest_route=\/wp\/v2\/posts\/51307\/revisions"}],"wp:attachment":[{"href":"https:\/\/webciudadana.net\/index.php?rest_route=%2Fwp%2Fv2%2Fmedia&parent=51307"}],"wp:term":[{"taxonomy":"category","embeddable":true,"href":"https:\/\/webciudadana.net\/index.php?rest_route=%2Fwp%2Fv2%2Fcategories&post=51307"},{"taxonomy":"post_tag","embeddable":true,"href":"https:\/\/webciudadana.net\/index.php?rest_route=%2Fwp%2Fv2%2Ftags&post=51307"}],"curies":[{"name":"wp","href":"https:\/\/api.w.org\/{rel}","templated":true}]}}