{"id":51313,"date":"2024-03-19T19:19:48","date_gmt":"2024-03-19T18:19:48","guid":{"rendered":"https:\/\/ticker-noticiasep.microcontenidos.com\/NoticiaRSS.vbhtml?user=XRNR562DLR&amp;cod=20240319191948"},"modified":"2024-03-19T19:19:48","modified_gmt":"2024-03-19T18:19:48","slug":"basque-culinary-center-acogera-en-abril-la-fine-water-summit-conferencia-global-del-agua-premium","status":"publish","type":"post","link":"https:\/\/webciudadana.net\/?p=51313","title":{"rendered":"Basque Culinary Center acoger\u00e1 en abril la Fine Water Summit, Conferencia Global del Agua Premium"},"content":{"rendered":"\n<div><img decoding=\"async\" src=\"\/wp-content\/uploads\/sites\/2\/2024\/03\/basque-culinary-center-acogera-en-abril-la-fine-water-summit-conferencia-global-del-agua-premium.jpg\" class=\"ff-og-image-inserted\"><\/div>\n<p> SAN SEBASTI\u00c1N, 19 (EUROPA PRESS)<\/p>\n<p> Basque Culinary Center acoger\u00e1 del 26 al 28 de abril la octava edici\u00f3n de Fine Water Summit Global Premium Water Conference (Conferencia Global del Agua Premium), que este a\u00f1o tiene como objetivo destacar \u00abel agua premium en la mesa epic\u00farea\u00bb.<\/p>\n<p> Desde BCC han explicado que, \u00abm\u00e1s all\u00e1 de la simple hidrataci\u00f3n\u00bb, la conferencia \u00abexplorar\u00e1 el sabor del agua, el arte de la gastrof\u00edsica, las combinaciones de agua y alimentos, las combinaciones de agua y vino, y otros conceptos innovadores para transformar el agua en una herramienta esencial para crear experiencias culinarias inolvidables\u00bb.<\/p>\n<p> Durante la conferencia de d\u00eda y medio, los asistentes disfrutar\u00e1n de presentaciones de marcas destacadas, distribuidores, sumilleres de agua y chefs. El programa profundizar\u00e1 en la historia y narrativa detr\u00e1s de la categor\u00eda de agua premium, la posici\u00f3n estrat\u00e9gica de la marca y abordar\u00e1 los desaf\u00edos globales de distribuci\u00f3n a los que se enfrentan las marcas.<\/p>\n<p> El evento servir\u00e1 como \u00abplataforma para el &#8216;networking&#8217; y el intercambio de conocimientos entre l\u00edderes de la industria y entusiastas del agua\u00bb, han se\u00f1alado desde el BCC.<\/p>\n<p> Como &#8216;partner&#8217; oficial de Fine Water Summit 2024, Sol\u00e1n de Cabras ofrecer\u00e1 una ponencia en la que la marca \u00abaportar\u00e1 su conocimiento y experiencia en el sector, y expondr\u00e1 la importancia del agua mineral natural en la mesa, llevando a cabo una comparaci\u00f3n con el agua filtrada y realizando una cata de elaboraciones que permitir\u00e1 destacar su composici\u00f3n mineral \u00fanica y equilibrada\u00bb.<\/p>\n<p> En el marco de esta cumbre, tambi\u00e9n se llevar\u00e1n a cabo los &#8216;Taste &amp; Design Awards 2024&#8217;. Un jurado compuesto por cinco sumilleres de agua internacionales evaluar\u00e1 100 aguas de todo el mundo, destacando la excelencia en sabor y dise\u00f1o.<\/p>\n","protected":false},"excerpt":{"rendered":"<p>SAN SEBASTI\u00c1N, 19 (EUROPA PRESS) Basque Culinary Center acoger\u00e1 del 26 al 28 de abril la octava edici\u00f3n de Fine Water Summit Global Premium Water Conference (Conferencia Global del Agua Premium), que este a\u00f1o tiene como objetivo destacar \u00abel agua premium en la mesa epic\u00farea\u00bb. Desde BCC han explicado que, \u00abm\u00e1s all\u00e1 de la simple [&hellip;]<\/p>\n","protected":false},"author":1,"featured_media":0,"comment_status":"closed","ping_status":"closed","sticky":false,"template":"","format":"standard","meta":{"footnotes":""},"categories":[],"tags":[],"class_list":["post-51313","post","type-post","status-publish","format-standard","hentry"],"_links":{"self":[{"href":"https:\/\/webciudadana.net\/index.php?rest_route=\/wp\/v2\/posts\/51313","targetHints":{"allow":["GET"]}}],"collection":[{"href":"https:\/\/webciudadana.net\/index.php?rest_route=\/wp\/v2\/posts"}],"about":[{"href":"https:\/\/webciudadana.net\/index.php?rest_route=\/wp\/v2\/types\/post"}],"author":[{"embeddable":true,"href":"https:\/\/webciudadana.net\/index.php?rest_route=\/wp\/v2\/users\/1"}],"replies":[{"embeddable":true,"href":"https:\/\/webciudadana.net\/index.php?rest_route=%2Fwp%2Fv2%2Fcomments&post=51313"}],"version-history":[{"count":0,"href":"https:\/\/webciudadana.net\/index.php?rest_route=\/wp\/v2\/posts\/51313\/revisions"}],"wp:attachment":[{"href":"https:\/\/webciudadana.net\/index.php?rest_route=%2Fwp%2Fv2%2Fmedia&parent=51313"}],"wp:term":[{"taxonomy":"category","embeddable":true,"href":"https:\/\/webciudadana.net\/index.php?rest_route=%2Fwp%2Fv2%2Fcategories&post=51313"},{"taxonomy":"post_tag","embeddable":true,"href":"https:\/\/webciudadana.net\/index.php?rest_route=%2Fwp%2Fv2%2Ftags&post=51313"}],"curies":[{"name":"wp","href":"https:\/\/api.w.org\/{rel}","templated":true}]}}