{"id":51324,"date":"2024-03-20T10:01:04","date_gmt":"2024-03-20T09:01:04","guid":{"rendered":"https:\/\/ticker-noticiasep.microcontenidos.com\/NoticiaRSS.vbhtml?user=XRNR562DLR&amp;cod=20240320100104"},"modified":"2024-03-20T10:01:04","modified_gmt":"2024-03-20T09:01:04","slug":"mundo-solar-solutions-amsterdam-2024-evb-presenta-soluciones-de-energia-inteligente-y-recarga-de-ve","status":"publish","type":"post","link":"https:\/\/webciudadana.net\/?p=51324","title":{"rendered":"Mundo: Solar Solutions Amsterdam 2024: EVB presenta soluciones de energ\u00eda inteligente y recarga de VE"},"content":{"rendered":"\n<p>(Informaci\u00f3n remitida por la empresa firmante)<\/p>\n<p>\n\u00c1MSTERDAM, 20 de marzo de 2024 \/PRNewswire\/ &#8212; La reciente feria Solar Solutions Amsterdam 2024, un acontecimiento destacado en el noroeste de Europa, atrajo a profesionales, empresarios e innovadores tecnol\u00f3gicos de todo el mundo. EVB aprovech\u00f3 la ocasi\u00f3n para presentar su vanguardista sistema de gesti\u00f3n de la energ\u00eda dom\u00e9stica y lo \u00faltimo en soluciones de recarga de veh\u00edculos el\u00e9ctricos.<\/p>\n<p> Si desea conocer m\u00e1s visite www.evb.com o contacte con info@evb.com.<\/p>\n<p> En la regi\u00f3n de latitudes altas del noroeste de Europa, donde las bajas temperaturas y la mayor demanda de calefacci\u00f3n generan importantes costes de electricidad, muchos hogares recurren a los sistemas fotovoltaicos (FV). Sin embargo, el desajuste entre el pico de generaci\u00f3n de los sistemas solares durante el d\u00eda y el pico de consumo de los usuarios por la noche da lugar a un derroche de la energ\u00eda sobrante. EVB soluciona este problema con su sistema de gesti\u00f3n inteligente de la energ\u00eda dom\u00e9stica, que se integra perfectamente con los sistemas solares para utilizar la energ\u00eda de forma eficiente y reducir los costes energ\u00e9ticos. El sistema puede medir la generaci\u00f3n de energ\u00eda en tiempo real y controlar de forma inteligente el consumo el\u00e9ctrico de las cargas dom\u00e9sticas. El exceso de electricidad se almacena en forma de calor en cargas resistivas como calentadores de agua y bombas de calor para su uso posterior.<\/p>\n<p> La soluci\u00f3n de gesti\u00f3n energ\u00e9tica de EVB tambi\u00e9n ofrece opciones de integraci\u00f3n con cargadores de VE. Los cargadores de CA para veh\u00edculos el\u00e9ctricos inteligentes de ECV, que van de 3,7 kW a 22 kW, pueden aumentar la potencia de carga bajo el control del sistema para consumir la electricidad adicional generada. Estos dispositivos cuentan con m\u00faltiples funciones de protecci\u00f3n y carcasas de alta calidad que garantizan la seguridad del proceso de carga. Son compatibles con el protocolo OCPP1.6J, lo que permite a los usuarios el control y la supervisi\u00f3n remotos a trav\u00e9s de una aplicaci\u00f3n m\u00f3vil. Adem\u00e1s, EVB ha desarrollado cargadores de CC para veh\u00edculos el\u00e9ctricos de 20 kW a 600 kW, que ofrecen opciones de cargadores de 1 a 3 pistolas montados en el suelo y cargadores de tipo dividido para satisfacer diversas necesidades. Estos cargadores de VE, caracterizados por su carga r\u00e1pida, dise\u00f1o modular, compatibilidad con la mayor\u00eda de modelos de VE, tecnolog\u00eda de carga inteligente y bajos costes de mantenimiento, son una opci\u00f3n ideal para las estaciones p\u00fablicas de carga de VE, lo que permite a los clientes recuperar r\u00e1pidamente los costes de inversi\u00f3n y lograr rentabilidad.<\/p>\n<p> Con a\u00f1os de experiencia en el sector, EVB ofrece soluciones seguras, eficientes y fiables en los sectores de la energ\u00eda dom\u00e9stica y la recarga p\u00fablica. Con m\u00e1s de un mill\u00f3n de estaciones de recarga de veh\u00edculos el\u00e9ctricos desplegadas en m\u00e1s de 70 pa\u00edses y regiones, EVB aborda diversos entornos a trav\u00e9s de sus proyectos de recarga de veh\u00edculos el\u00e9ctricos, desde centros urbanos hasta comunidades remotas, reduciendo la brecha en la infraestructura de recarga. Comprometida con la investigaci\u00f3n y el desarrollo continuos, EVB planea introducir estaciones de carga de CC de baja potencia y colabora con socios para impulsar los avances tecnol\u00f3gicos y el desarrollo sostenible en la industria energ\u00e9tica.<\/p>\n<p>\n* EVB es una submarca de Beny centrada en la recarga de veh\u00edculos el\u00e9ctricos y el almacenamiento de energ\u00eda en los sectores residencial y comercial.<\/p>\n<p> View original content:https:\/\/www.prnewswire.com\/news-releases\/solar-solutions-amsterdam-2024-evb-presenta-soluciones-de-energia-inteligente-y-recarga-de-ve-302091575.html<\/p>\n","protected":false},"excerpt":{"rendered":"<p>(Informaci\u00f3n remitida por la empresa firmante) \u00c1MSTERDAM, 20 de marzo de 2024 \/PRNewswire\/ &#8212; La reciente feria Solar Solutions Amsterdam 2024, un acontecimiento destacado en el noroeste de Europa, atrajo a profesionales, empresarios e innovadores tecnol\u00f3gicos de todo el mundo. EVB aprovech\u00f3 la ocasi\u00f3n para presentar su vanguardista sistema de gesti\u00f3n de la energ\u00eda dom\u00e9stica [&hellip;]<\/p>\n","protected":false},"author":1,"featured_media":0,"comment_status":"closed","ping_status":"closed","sticky":false,"template":"","format":"standard","meta":{"footnotes":""},"categories":[],"tags":[],"class_list":["post-51324","post","type-post","status-publish","format-standard","hentry"],"_links":{"self":[{"href":"https:\/\/webciudadana.net\/index.php?rest_route=\/wp\/v2\/posts\/51324","targetHints":{"allow":["GET"]}}],"collection":[{"href":"https:\/\/webciudadana.net\/index.php?rest_route=\/wp\/v2\/posts"}],"about":[{"href":"https:\/\/webciudadana.net\/index.php?rest_route=\/wp\/v2\/types\/post"}],"author":[{"embeddable":true,"href":"https:\/\/webciudadana.net\/index.php?rest_route=\/wp\/v2\/users\/1"}],"replies":[{"embeddable":true,"href":"https:\/\/webciudadana.net\/index.php?rest_route=%2Fwp%2Fv2%2Fcomments&post=51324"}],"version-history":[{"count":0,"href":"https:\/\/webciudadana.net\/index.php?rest_route=\/wp\/v2\/posts\/51324\/revisions"}],"wp:attachment":[{"href":"https:\/\/webciudadana.net\/index.php?rest_route=%2Fwp%2Fv2%2Fmedia&parent=51324"}],"wp:term":[{"taxonomy":"category","embeddable":true,"href":"https:\/\/webciudadana.net\/index.php?rest_route=%2Fwp%2Fv2%2Fcategories&post=51324"},{"taxonomy":"post_tag","embeddable":true,"href":"https:\/\/webciudadana.net\/index.php?rest_route=%2Fwp%2Fv2%2Ftags&post=51324"}],"curies":[{"name":"wp","href":"https:\/\/api.w.org\/{rel}","templated":true}]}}