{"id":51327,"date":"2024-03-20T10:29:23","date_gmt":"2024-03-20T09:29:23","guid":{"rendered":"https:\/\/ticker-noticiasep.microcontenidos.com\/NoticiaRSS.vbhtml?user=XRNR562DLR&amp;cod=20240320102923"},"modified":"2024-03-20T10:29:23","modified_gmt":"2024-03-20T09:29:23","slug":"vallsur-acoge-la-exposicion-sin-biodiversidad-no-hay-vida","status":"publish","type":"post","link":"https:\/\/webciudadana.net\/?p=51327","title":{"rendered":"Vallsur acoge la exposici\u00f3n &#8216;Sin biodiversidad no hay vida&#8217;"},"content":{"rendered":"\n<div><img decoding=\"async\" src=\"\/wp-content\/uploads\/sites\/2\/2024\/03\/vallsur-acoge-la-exposicion-sin-biodiversidad-no-hay-vida.jpg\" class=\"ff-og-image-inserted\"><\/div>\n<p>(Informaci\u00f3n remitida por la empresa firmante)<\/p>\n<p> \u00b7 Del 21 de marzo al 30 de abril se podr\u00e1 visitar en Vallsur esta muestra organizada por Ecologistas en Acci\u00f3n de Valladolid que tiene como objetivo concienciar sobre las amenazas que suponen la p\u00e9rdida de biodiversidad y la crisis clim\u00e1tica para la vida del planeta <\/p>\n<p> \u00b7 Adem\u00e1s, coincidiendo con el D\u00eda Mundial del S\u00edndrome de Down, que se celebra el 21 de marzo, Vallsur recibir\u00e1 la visita de la Asociaci\u00f3n Down Valladolid y regalar\u00e1 margaritas amarillas a las personas que acudan vistiendo calcetines desparejados<\/p>\n<p> Valladolid, 20 de marzo de 2024.- Con el objetivo de concienciar sobre la importancia de la biodiversidad, Vallsur acoge del 21 de marzo al 30 de abril la exposici\u00f3n &#8216;Sin biodiversidad no hay vida&#8217;, una muestra organizada por Ecologistas en Acci\u00f3n de Valladolid que pretende sensibilizar sobre las amenazas que suponen la p\u00e9rdida de biodiversidad y la crisis clim\u00e1tica para la vida del planeta.<\/p>\n<p> La exposici\u00f3n, compuesta por diez paneles informativos, explica la importancia de la biodiversidad en la naturaleza, de la que todos los seres humanos dependen; cu\u00e1les son las principales causas, tanto directas como indirectas, de su progresiva desaparici\u00f3n; y qu\u00e9 medidas se pueden adoptar de forma individual para lograr su conservaci\u00f3n.<\/p>\n<p> \u00abLa naturaleza genera procesos y bienes esenciales para que todos los seres vivos, incluida la humanidad, podamos sobrevivir en el planeta Tierra. Desde nuestra asociaci\u00f3n observamos c\u00f3mo de forma constante y progresiva, en todos los ecosistemas, se est\u00e1 produciendo una p\u00e9rdida de biodiversidad, una reducci\u00f3n del n\u00famero de especies, tanto animales como vegetales, y una reducci\u00f3n del n\u00famero de individuos de cada especie. Es un proceso que est\u00e1 pasando desapercibido para la inmensa mayor\u00eda de la poblaci\u00f3n, especialmente la urbana, y por eso hemos promovido la confecci\u00f3n de esta exposici\u00f3n\u00bb, afirma Luis L\u00f3pez, activista de Ecologistas en Acci\u00f3n de Valladolid.<\/p>\n<p> Como parte de su compromiso con el medioambiente y el bienestar de la comunidad local, Vallsur acoge esta exposici\u00f3n para acercar a los ciudadanos la necesidad de cuidar de la biodiversidad. Dentro de su plan de acci\u00f3n, el centro comercial vallisoletano se encuentra involucrado en la protecci\u00f3n del medioambiente y trabaja para desarrollar su actividad con el m\u00e1ximo respeto hacia el entorno.<\/p>\n<p> \u00abComo parte de nuestro plan de sostenibilidad, en Vallsur favorecemos la preservaci\u00f3n y diversidad de las especies vegetales y animales que viven en torno a las \u00e1reas verdes del centro comercial. Es por ello que hemos procedido a reponer las casas de p\u00e1jaros que se pueden encontrar en los \u00e1rboles del Parque Simancas, as\u00ed como dos hoteles para insectos del \u00e1rea exterior de lavanda. Adem\u00e1s, contamos con una compostera para abonar las jardineras y un dep\u00f3sito de recogida de agua de lluvia con el que se riegan\u00bb, explica Pablo P\u00e9rez, gerente de Vallsur.<\/p>\n<p> 21 de marzo: D\u00eda Mundial del S\u00edndrome de Down<\/p>\n<p> Coincidiendo con el D\u00eda Mundial del S\u00edndrome de Down, que se celebra el 21 de marzo, Vallsur conmemora un a\u00f1o m\u00e1s esta fecha y se suma a las campa\u00f1as de concienciaci\u00f3n puestas en marcha para dar visibilidad a las personas con s\u00edndrome de Down y apostar por la inclusi\u00f3n.<\/p>\n<p> Durante esta fecha, representantes de la Asociaci\u00f3n Down Valladolid visitar\u00e1n el centro comercial vallisoletano para dar informaci\u00f3n a todos los clientes y promover la importancia de la igualdad entre todos. Adem\u00e1s, a lo largo del d\u00eda, las personas que se acerquen a la recepci\u00f3n de Vallsur luciendo dos calcetines diferentes, recibir\u00e1n una margarita amarilla en se\u00f1al de apoyo. Un gesto muy sencillo pero cargado de simbolismo, que hace alusi\u00f3n al cromosoma extra en las personas con s\u00edndrome de Down.<\/p>\n<p> Sobre Vallsur &#8211; www.vallsur.com <\/p>\n<p> Desde su apertura, el centro comercial Vallsur, gestionado por CBRE REAL ESTATE, se ha convertido en un referente en la ciudad de Valladolid. Con una superficie de 35.160 m2, m\u00e1s de 90 tiendas y 2.000 plazas de aparcamiento, el centro pone a disposici\u00f3n de sus clientes una gran oferta de servicios cuyo objetivo es satisfacer todas sus necesidades. Adem\u00e1s, Vallsur tiene una clara pol\u00edtica de compromiso en el medio ambiente, tal y como demuestra su sistema de gesti\u00f3n ambiental de acuerdo a la normativa ISO 14001:2004.<\/p>\n<p> Para m\u00e1s informaci\u00f3n o gesti\u00f3n de entrevistas: <\/p>\n<p> AGENCIA DE COMUNICACI\u00d3N DE VALLSUR: <\/p>\n<p> europa press Comunicaci\u00f3n &#8211; 91 359 26 00 <\/p>\n<p> LETICIA G\u00d3MEZ &#8211; leticiagomez@europapress.es <\/p>\n<p> SILVIA MULLOR &#8211; silviamullor@europapress.es <\/p>\n","protected":false},"excerpt":{"rendered":"<p>(Informaci\u00f3n remitida por la empresa firmante) \u00b7 Del 21 de marzo al 30 de abril se podr\u00e1 visitar en Vallsur esta muestra organizada por Ecologistas en Acci\u00f3n de Valladolid que tiene como objetivo concienciar sobre las amenazas que suponen la p\u00e9rdida de biodiversidad y la crisis clim\u00e1tica para la vida del planeta \u00b7 Adem\u00e1s, coincidiendo [&hellip;]<\/p>\n","protected":false},"author":1,"featured_media":0,"comment_status":"closed","ping_status":"closed","sticky":false,"template":"","format":"standard","meta":{"footnotes":""},"categories":[],"tags":[],"class_list":["post-51327","post","type-post","status-publish","format-standard","hentry"],"_links":{"self":[{"href":"https:\/\/webciudadana.net\/index.php?rest_route=\/wp\/v2\/posts\/51327","targetHints":{"allow":["GET"]}}],"collection":[{"href":"https:\/\/webciudadana.net\/index.php?rest_route=\/wp\/v2\/posts"}],"about":[{"href":"https:\/\/webciudadana.net\/index.php?rest_route=\/wp\/v2\/types\/post"}],"author":[{"embeddable":true,"href":"https:\/\/webciudadana.net\/index.php?rest_route=\/wp\/v2\/users\/1"}],"replies":[{"embeddable":true,"href":"https:\/\/webciudadana.net\/index.php?rest_route=%2Fwp%2Fv2%2Fcomments&post=51327"}],"version-history":[{"count":0,"href":"https:\/\/webciudadana.net\/index.php?rest_route=\/wp\/v2\/posts\/51327\/revisions"}],"wp:attachment":[{"href":"https:\/\/webciudadana.net\/index.php?rest_route=%2Fwp%2Fv2%2Fmedia&parent=51327"}],"wp:term":[{"taxonomy":"category","embeddable":true,"href":"https:\/\/webciudadana.net\/index.php?rest_route=%2Fwp%2Fv2%2Fcategories&post=51327"},{"taxonomy":"post_tag","embeddable":true,"href":"https:\/\/webciudadana.net\/index.php?rest_route=%2Fwp%2Fv2%2Ftags&post=51327"}],"curies":[{"name":"wp","href":"https:\/\/api.w.org\/{rel}","templated":true}]}}