{"id":51328,"date":"2024-03-20T10:53:53","date_gmt":"2024-03-20T09:53:53","guid":{"rendered":"https:\/\/ticker-noticiasep.microcontenidos.com\/NoticiaRSS.vbhtml?user=XRNR562DLR&amp;cod=20240320105353"},"modified":"2024-03-20T10:53:53","modified_gmt":"2024-03-20T09:53:53","slug":"la-alianza-entre-euromarket-rioja-y-cocereales-colombia-apoyara-a-comunidades-rurales-afectadas-por-el-conflicto-armado","status":"publish","type":"post","link":"https:\/\/webciudadana.net\/?p=51328","title":{"rendered":"La alianza entre Euromarket Rioja y Cocereales Colombia apoyar\u00e1 a comunidades rurales afectadas por el conflicto armado"},"content":{"rendered":"\n<p> LOGRO\u00d1O, 20 (EUROPA PRESS)<\/p>\n<p> La empresa espa\u00f1ola de distribuci\u00f3n de alimentos, Euromarket Rioja, ha sellado una alianza estrat\u00e9gica con la compa\u00f1\u00eda Amapuri y la prestigiosa firma colombiana, Cocereales, con 84 a\u00f1os de experiencia, para impulsar la responsabilidad social corporativa y ambiental y la distribuci\u00f3n de productos elaborados con materias primas provenientes de econom\u00eda popular, de organizaciones comunitarias e ind\u00edgenas y campesinas.<\/p>\n<p> Esta colaboraci\u00f3n, pionera en su enfoque, tiene como objetivo fundamental apoyar a las comunidades afectadas por d\u00e9cadas de conflicto armado en Colombia, proporcion\u00e1ndoles acceso a mercados internacionales a trav\u00e9s de la cadena de distribuci\u00f3n facilitada por las empresas, garantizando as\u00ed un flujo constante de ingresos para los productores locales.<\/p>\n<p> Esta iniciativa refleja un compromiso genuino por el desarrollo sostenible y la equidad social en ambos pa\u00edses. En Colombia, estos productos se han cultivado desde hace mucho tiempo por las comunidades de la regiones amaz\u00f3nica, pac\u00edfica y cordillera andina y han constituido la base de su econom\u00eda y modo de vida.<\/p>\n<p> El Gobierno colombiano est\u00e1 apoyando estos proyectos como una alternativa de sustituci\u00f3n de \u00abcultivos il\u00edcitos\u00bb. La alianza empresarial apoyar\u00e1 a trav\u00e9s de Euromarket la comercializaci\u00f3n en Europa de esta categor\u00eda de alimentos, los llamados super alimentos o alimentos saludables. Este acuerdo empresarial se fundamenta en una colaboraci\u00f3n p\u00fablico-privada que reconoce la urgencia de abordar las complejas realidades sociales, econ\u00f3micas y ambientales que afectan a las comunidades productoras.<\/p>\n<p> Conscientes de la importancia de una acci\u00f3n conjunta entre el sector empresarial y las instituciones gubernamentales, las empresas EuroMarket Rioja, Cocereales y Amapuri han optado por un enfoque integral que busca no solo impulsar el desarrollo econ\u00f3mico, sino tambi\u00e9n abordar las profundas inequidades y desaf\u00edos estructurales que enfrentan estas comunidades.<\/p>\n<p> Esta alianza estrat\u00e9gica suma a Corpocampo, al Ministerio de Agricultura, Ministerio de Comercio, Procolombia y la embajada de Colombia en Espa\u00f1a, lo que representa un paso significativo hacia un modelo de desarrollo sostenible que prioriza la inclusi\u00f3n, la justicia social y la colaboraci\u00f3n intersectorial para generar un impacto positivo y duradero en el territorio.<\/p>\n<p> La feria ALIMENTARIA de Barcelona, que se llevar\u00e1 a cabo del 18 al 21 de marzo de 2024, ser\u00e1 el escenario para presentar esta emocionante colaboraci\u00f3n entre las empresas. Los visitantes tendr\u00e1n la oportunidad de conocer de primera mano algunos de los productos que pronto estar\u00e1n disponibles en el mercado europeo, resultado del esfuerzo conjunto por promover la responsabilidad social corporativa y la distribuci\u00f3n equitativa de alimentos.<\/p>\n<p> Esta participaci\u00f3n en la feria refleja el compromiso continuo de ambas empresas con la innovaci\u00f3n, la sostenibilidad y el desarrollo comunitario a nivel global. Alimentos que contribuiremos a exportar de los mencionados productores de los territorios perif\u00e9ricos y en conflicto son: Pulpa de A\u00e7a\u00ed; Palmito; Aceite de Aguacate; Aceite de Sacha Inchi; Cristales de S\u00e1bila (Aloe Vera); Harinas de Malanga; Cacao Los ind\u00edgenas y campesinos colombianos, en su mayor\u00eda v\u00edctimas del conflicto armado, est\u00e1n dedicados a mejorar su situaci\u00f3n econ\u00f3mica y social mediante el cultivo de productos con gran potencial para la exportaci\u00f3n.<\/p>\n<p>\nOPORTUNIDAD \u00daNICA <\/p>\n<p> La alianza entre las empresas EUROMARKET RIOJA, AMAPURI y COCEREALES les brinda una oportunidad \u00fanica para acceder a mercados internacionales, como el europeo, y expandir sus operaciones de manera sostenible. Este esfuerzo conjunto no solo promueve el desarrollo econ\u00f3mico en las \u00e1reas rurales, sino que tambi\u00e9n fomenta la autonom\u00eda y el empoderamiento de las comunidades locales.<\/p>\n<p> En el territorio de los productores, la problem\u00e1tica social, econ\u00f3mica y ambiental es compleja y multifac\u00e9tica. La deforestaci\u00f3n, resultado de la expansi\u00f3n de cultivos il\u00edcitos y la presencia de bandas delincuenciales vinculadas al narcotr\u00e1fico, ha debastado extensas \u00e1reas de bosque, exacerbando la vulnerabilidad ambiental y contribuyendo a la p\u00e9rdida de biodiversidad.<\/p>\n<p> La violencia armada, alimentada por conflictos territoriales y disputas por el control de las rutas del narcotr\u00e1fico, ha dejado comunidades enteras atrapadas en un ciclo de miedo y desplazamiento, con madres cabeza de hogar luchando por sostener a sus familias en un entorno de rentas bajas y escasez de recursos.<\/p>\n<p> La inseguridad, tanto f\u00edsica como econ\u00f3mica, se ve agravada por la ausencia de presencia estatal efectiva, dejando territorios abandonados a su suerte, sin acceso adecuado a infraestructuras y servicios p\u00fablicos b\u00e1sicos, perpetuando as\u00ed la marginalizaci\u00f3n y el abandono de estas comunidades vulnerables.<\/p>\n<p> El grupo empresarial ha iniciado una estrategia de expansi\u00f3n en 2023 con la apertura de varias sedes en Espa\u00f1a. Alicante y Madrid han sido las primeras y ha establecido la inauguraci\u00f3n de la cuarta sede en Barcelona en el primer trimestre de 2024. Euromarket quiere invitar a todos los clientes a que le visiten en el espacio expositivo: Pabell\u00f3n 2, Sector Grocery, planta 0 en el n\u00famero de stand B110.<\/p>\n<p> \u00abVenga a descubrir y, por supuesto, a degustar nuestros nuevos e innovadores productos\u00bb, destaca el director general, Luis Alberto Bur\u00f3n.<\/p>\n<p> \u00abEstamos alineados con la estrategia de Alimentaria de potenciar la internacionalidad con empresas especializadas en los sectores de alimentaci\u00f3n. Esperamos estar en contacto con los clientes y con peque\u00f1os emprendedores que quieren abrir tiendas en Barcelona, capital y municipios lim\u00edtrofes\u00bb. La empresa riojana tiene 20 a\u00f1os de experiencia en Espa\u00f1a y ser\u00e1 en este 2024 cuando celebrar\u00e1 su aniversario. La compa\u00f1\u00eda riojana se consagra entre las 5 primeras de su sector a nivel nacional.<\/p>\n<p> \u00abDestacan las comunidades colombiana, venezolana, ecuatoriana, peruana y en los \u00faltimos a\u00f1os se detecta la llegada de inmigraci\u00f3n de origen centroam\u00e9ricano, principalmente Honduras y Nicaragua\u00bb, explica Luis Alberto Bur\u00f3n, gestor de esta empresa.<\/p>\n","protected":false},"excerpt":{"rendered":"<p>LOGRO\u00d1O, 20 (EUROPA PRESS) La empresa espa\u00f1ola de distribuci\u00f3n de alimentos, Euromarket Rioja, ha sellado una alianza estrat\u00e9gica con la compa\u00f1\u00eda Amapuri y la prestigiosa firma colombiana, Cocereales, con 84 a\u00f1os de experiencia, para impulsar la responsabilidad social corporativa y ambiental y la distribuci\u00f3n de productos elaborados con materias primas provenientes de econom\u00eda popular, de [&hellip;]<\/p>\n","protected":false},"author":1,"featured_media":0,"comment_status":"closed","ping_status":"closed","sticky":false,"template":"","format":"standard","meta":{"footnotes":""},"categories":[],"tags":[],"class_list":["post-51328","post","type-post","status-publish","format-standard","hentry"],"_links":{"self":[{"href":"https:\/\/webciudadana.net\/index.php?rest_route=\/wp\/v2\/posts\/51328","targetHints":{"allow":["GET"]}}],"collection":[{"href":"https:\/\/webciudadana.net\/index.php?rest_route=\/wp\/v2\/posts"}],"about":[{"href":"https:\/\/webciudadana.net\/index.php?rest_route=\/wp\/v2\/types\/post"}],"author":[{"embeddable":true,"href":"https:\/\/webciudadana.net\/index.php?rest_route=\/wp\/v2\/users\/1"}],"replies":[{"embeddable":true,"href":"https:\/\/webciudadana.net\/index.php?rest_route=%2Fwp%2Fv2%2Fcomments&post=51328"}],"version-history":[{"count":0,"href":"https:\/\/webciudadana.net\/index.php?rest_route=\/wp\/v2\/posts\/51328\/revisions"}],"wp:attachment":[{"href":"https:\/\/webciudadana.net\/index.php?rest_route=%2Fwp%2Fv2%2Fmedia&parent=51328"}],"wp:term":[{"taxonomy":"category","embeddable":true,"href":"https:\/\/webciudadana.net\/index.php?rest_route=%2Fwp%2Fv2%2Fcategories&post=51328"},{"taxonomy":"post_tag","embeddable":true,"href":"https:\/\/webciudadana.net\/index.php?rest_route=%2Fwp%2Fv2%2Ftags&post=51328"}],"curies":[{"name":"wp","href":"https:\/\/api.w.org\/{rel}","templated":true}]}}