{"id":51329,"date":"2024-03-20T11:04:13","date_gmt":"2024-03-20T10:04:13","guid":{"rendered":"https:\/\/ticker-noticiasep.microcontenidos.com\/NoticiaRSS.vbhtml?user=XRNR562DLR&amp;cod=20240320110413"},"modified":"2024-03-20T11:04:13","modified_gmt":"2024-03-20T10:04:13","slug":"v2vision-empresa-sevillana-liderando-la-innovacion-tecnologica","status":"publish","type":"post","link":"https:\/\/webciudadana.net\/?p=51329","title":{"rendered":"V2vision, empresa sevillana liderando la innovaci\u00f3n tecnol\u00f3gica"},"content":{"rendered":"\n<div><img decoding=\"async\" src=\"\/wp-content\/uploads\/sites\/2\/2024\/03\/v2vision-empresa-sevillana-liderando-la-innovacion-tecnologica.jpg\" class=\"ff-og-image-inserted\"><\/div>\n<p>(Informaci\u00f3n remitida por la empresa firmante)<\/p>\n<p>\nEn una fusi\u00f3n excepcional de tecnolog\u00eda y dise\u00f1o, V2Vision se consolida como la insignia de la innovaci\u00f3n espa\u00f1ola, transformando industrias con soluciones que combinan sostenibilidad, eficiencia y vanguardia tecnol\u00f3gica. Desde revolucionar la experiencia en la industria hotelera y minorista hasta elevar los est\u00e1ndares en fabricaci\u00f3n y aeron\u00e1utica, V2Vision redefine el futuro con soluciones inteligentes y sostenibles<\/p>\n<p>\nSevillla, 20 de marzo de 2024.-*Innovaci\u00f3n y vanguardia tecnol\u00f3gica en el coraz\u00f3n de Sevilla con V2vision.<\/p>\n<p>\nV2Visi\u00f3n, un faro de innovaci\u00f3n en el \u00e1mbito de la inteligencia artificial y la microelectr\u00f3nica, est\u00e1 redefiniendo los horizontes tecnol\u00f3gicos con sus soluciones de vanguardia, forjadas en el coraz\u00f3n de Espa\u00f1a. Su m\u00e1s reciente revelaci\u00f3n, Maximus, el primer robot mundial integrado con la esencia de la ingenier\u00eda espa\u00f1ola y la inteligencia artificial de \u00faltima generaci\u00f3n, marca un hito en la industria rob\u00f3tica, prometiendo una nueva era donde la tecnolog\u00eda trasciende la eficiencia para convertirse en una extensi\u00f3n intuitiva y extraordinariamente humana del ser.<\/p>\n<p> En su compromiso con la sostenibilidad y la eficiencia, V2vision introduce su innovador m\u00f3dulo de ahorro energ\u00e9tico para el sector hotelero y tur\u00edstico. Este sistema revolucionario optimiza el consumo energ\u00e9tico en aire acondicionado y sistemas de iluminaci\u00f3n, estableciendo nuevos est\u00e1ndares de confort y hospitalidad sostenible.<\/p>\n<p> Adem\u00e1s, la empresa est\u00e1 transformando el espacio minorista con el lanzamiento del primer pasillo inteligente para supermercados, que permite una experiencia de compra sin precedentes, eficiente y libre de complicaciones, aline\u00e1ndose con las exigencias y el ritmo de la vida moderna.<\/p>\n<p> La exploraci\u00f3n continua de V2visi\u00f3n en la impresi\u00f3n 3D avanzada est\u00e1 abriendo nuevas fronteras en la fabricaci\u00f3n, permitiendo la creaci\u00f3n de piezas de ingenier\u00eda de vanguardia que son fundamentales para el futuro de la tecnolog\u00eda y la innovaci\u00f3n.<\/p>\n<p> En el \u00e1mbito de la aeron\u00e1utica, la empresa eleva la barra con drones que no solo alcanzan nuevas alturas sino que tambi\u00e9n definen el futuro de la ingenier\u00eda aeroespacial, fusionando dise\u00f1o estrat\u00e9gico con tecnolog\u00eda avanzada.<\/p>\n<p> V2visi\u00f3n contin\u00faa su legado de innovaci\u00f3n con una diversa gama de productos y soluciones que abordan desde la velocidad vehicular hasta la calidad de productos agr\u00edcolas y el monitoreo avanzado en cuidado infantil, demostrando su liderazgo y compromiso con el progreso tecnol\u00f3gico.<\/p>\n<p> Con m\u00e1s de 50 proyectos dise\u00f1ados para adaptarse a una amplia gama de necesidades empresariales y de consumo, V2visi\u00f3n est\u00e1 no solo liderando la revoluci\u00f3n tecnol\u00f3gica, sino tambi\u00e9n moldeando activamente el futuro de m\u00faltiples industrias, demostrando que la innovaci\u00f3n y la excelencia espa\u00f1ola est\u00e1n en la vanguardia de la transformaci\u00f3n global.<\/p>\n<p> Director Jefe de dise\u00f1o y desarrollo: Jes\u00fas Barrera Garc\u00eda<\/p>\n<p>\nGerente: Alfonso Gonzalez Gomez*<\/p>\n<p>\nColaboraci\u00f3n y financiaci\u00f3n: Martinez Pach\u00f3n S.L<\/p>\n<p>\nWeb oficial<\/p>\n<p>\n*https:\/\/v2vision.es<\/p>\n<p>\nEmisor: V2Visi\u00f3n<\/p>\n<p>\nContacto<\/p>\n<p>\nNombre contacto: Mar Le\u00f3n Ram\u00edrez<\/p>\n<p>\nDescripci\u00f3n contacto: Directora Jefa de coordinaci\u00f3n y comunicaci\u00f3n<\/p>\n<p>\nTel\u00e9fono de contacto: 610232408<\/p>\n","protected":false},"excerpt":{"rendered":"<p>(Informaci\u00f3n remitida por la empresa firmante) En una fusi\u00f3n excepcional de tecnolog\u00eda y dise\u00f1o, V2Vision se consolida como la insignia de la innovaci\u00f3n espa\u00f1ola, transformando industrias con soluciones que combinan sostenibilidad, eficiencia y vanguardia tecnol\u00f3gica. Desde revolucionar la experiencia en la industria hotelera y minorista hasta elevar los est\u00e1ndares en fabricaci\u00f3n y aeron\u00e1utica, V2Vision redefine [&hellip;]<\/p>\n","protected":false},"author":1,"featured_media":0,"comment_status":"closed","ping_status":"closed","sticky":false,"template":"","format":"standard","meta":{"footnotes":""},"categories":[],"tags":[],"class_list":["post-51329","post","type-post","status-publish","format-standard","hentry"],"_links":{"self":[{"href":"https:\/\/webciudadana.net\/index.php?rest_route=\/wp\/v2\/posts\/51329","targetHints":{"allow":["GET"]}}],"collection":[{"href":"https:\/\/webciudadana.net\/index.php?rest_route=\/wp\/v2\/posts"}],"about":[{"href":"https:\/\/webciudadana.net\/index.php?rest_route=\/wp\/v2\/types\/post"}],"author":[{"embeddable":true,"href":"https:\/\/webciudadana.net\/index.php?rest_route=\/wp\/v2\/users\/1"}],"replies":[{"embeddable":true,"href":"https:\/\/webciudadana.net\/index.php?rest_route=%2Fwp%2Fv2%2Fcomments&post=51329"}],"version-history":[{"count":0,"href":"https:\/\/webciudadana.net\/index.php?rest_route=\/wp\/v2\/posts\/51329\/revisions"}],"wp:attachment":[{"href":"https:\/\/webciudadana.net\/index.php?rest_route=%2Fwp%2Fv2%2Fmedia&parent=51329"}],"wp:term":[{"taxonomy":"category","embeddable":true,"href":"https:\/\/webciudadana.net\/index.php?rest_route=%2Fwp%2Fv2%2Fcategories&post=51329"},{"taxonomy":"post_tag","embeddable":true,"href":"https:\/\/webciudadana.net\/index.php?rest_route=%2Fwp%2Fv2%2Ftags&post=51329"}],"curies":[{"name":"wp","href":"https:\/\/api.w.org\/{rel}","templated":true}]}}