{"id":51333,"date":"2024-03-20T11:53:59","date_gmt":"2024-03-20T10:53:59","guid":{"rendered":"https:\/\/ticker-noticiasep.microcontenidos.com\/NoticiaRSS.vbhtml?user=XRNR562DLR&amp;cod=20240320115359"},"modified":"2024-03-20T11:53:59","modified_gmt":"2024-03-20T10:53:59","slug":"el-despacho-de-maria-del-mar-de-villa-explica-las-novedades-en-eficiencia-digital-del-rdl-6-2023","status":"publish","type":"post","link":"https:\/\/webciudadana.net\/?p=51333","title":{"rendered":"El despacho de Mar\u00eda del Mar De Villa explica las novedades en eficiencia digital del RDL 6\/2023"},"content":{"rendered":"\n<div><img decoding=\"async\" src=\"\/wp-content\/uploads\/sites\/2\/2024\/03\/el-despacho-de-maria-del-mar-de-villa-explica-las-novedades-en-eficiencia-digital-del-rdl-6-2023.jpg\" class=\"ff-og-image-inserted\"><\/div>\n<p>(Informaci\u00f3n remitida por la empresa firmante)<\/p>\n<p>\nMadrid, 20 de marzo de 2024.- Seg\u00fan lo prescrito, el 20 de marzo de 2024 entra en vigor el RDL. 6\/2023 por el que se aprueban medidas urgentes para la ejecuci\u00f3n del Plan de Recuperaci\u00f3n, Transformaci\u00f3n y resiliencia, en materia de servicio p\u00fablico de justicia, funci\u00f3n p\u00fablica, r\u00e9gimen local y mecenazgo (BOE 20-12-2023).<\/p>\n<p> El despacho jur\u00eddico de Mar\u00eda del Mar De Villa, en el ejercicio de la Procura desde hace m\u00e1s de veinticinco a\u00f1os, ha integrado ya estas medidas de eficiencia digital, tanto a nivel de formaci\u00f3n espec\u00edfica de su equipo humano, como a nivel tecnol\u00f3gico. Manteniendo de este modo su vocaci\u00f3n de servicio eficaz a sus clientes, en la representaci\u00f3n de estos ante los diferentes estamentos judiciales. Entre las novedades introducidas cabe destacar el empleo de los avances tecnol\u00f3gicos existentes en materia de comunicaci\u00f3n, con el fin de agilizar los procesos seguidos ante los Tribunales en nuestro pa\u00eds.<\/p>\n<p> En este sentido, el Art. 129 bis,1 indica que los actos de juicio; vistas, audiencias, comparecencias, declaraciones y en general, todos los actos procesales, se realizar\u00e1n preferentemente mediante presencia telem\u00e1tica, siempre que las oficinas judiciales tengan a su disposici\u00f3n los medios t\u00e9cnicos necesarios para ello. Esta din\u00e1mica viene a dar respuesta a los problemas de celeridad en los asuntos judiciales, en respuesta a los derechos del ciudadano.<\/p>\n<p> As\u00ed mismo, mediante la \u00abla carpeta justicia\u00bb, el ciudadano, sea o no persona jur\u00eddica, tendr\u00e1 acceso a los expedientes en los que sea parte o interesado, y responder y tramitar las comunicaciones que se le efect\u00faen con relaci\u00f3n a estos.<\/p>\n<p> En lo que a la Procura respecta, entre otros, el \u00abExpediente judicial electr\u00f3nico\u00bb supone un cambio importante en la din\u00e1mica de gesti\u00f3n judicial existente, al reemplazar en gran medida, la facultad de poder obtener una copia de los autos. El expediente se desarrollar\u00e1 mediante la escrupulosa atenci\u00f3n al principio general de la orientaci\u00f3n del dato, lo que da acceso directo al uso de la Inteligencia artificial en el \u00e1mbito de la Justicia.<\/p>\n<p>\nLas vistas y otros actos procesales, llevados a cabo por video conferencia y medios telem\u00e1ticos constituyen, entre otras, las medidas de eficiencia digital que entran en vigor a partir del 20 de marzo de 2024, en virtud de lo establecido en el RDL. 6\/2023.<\/p>\n<p> EMISOR: Mar\u00eda Del Mar de Villa, Despacho de Servicios Jur\u00eddicos<\/p>\n<p>\nPara m\u00e1s informaci\u00f3n:<\/p>\n<p>\n+34 915 723 210<\/p>\n<p>\nMail: secretaria@mariadelmardevilla.com*<\/p>\n<p>\nhttps:\/\/mariadelmardevilla.es\/*<\/p>\n","protected":false},"excerpt":{"rendered":"<p>(Informaci\u00f3n remitida por la empresa firmante) Madrid, 20 de marzo de 2024.- Seg\u00fan lo prescrito, el 20 de marzo de 2024 entra en vigor el RDL. 6\/2023 por el que se aprueban medidas urgentes para la ejecuci\u00f3n del Plan de Recuperaci\u00f3n, Transformaci\u00f3n y resiliencia, en materia de servicio p\u00fablico de justicia, funci\u00f3n p\u00fablica, r\u00e9gimen local [&hellip;]<\/p>\n","protected":false},"author":1,"featured_media":0,"comment_status":"closed","ping_status":"closed","sticky":false,"template":"","format":"standard","meta":{"footnotes":""},"categories":[],"tags":[],"class_list":["post-51333","post","type-post","status-publish","format-standard","hentry"],"_links":{"self":[{"href":"https:\/\/webciudadana.net\/index.php?rest_route=\/wp\/v2\/posts\/51333","targetHints":{"allow":["GET"]}}],"collection":[{"href":"https:\/\/webciudadana.net\/index.php?rest_route=\/wp\/v2\/posts"}],"about":[{"href":"https:\/\/webciudadana.net\/index.php?rest_route=\/wp\/v2\/types\/post"}],"author":[{"embeddable":true,"href":"https:\/\/webciudadana.net\/index.php?rest_route=\/wp\/v2\/users\/1"}],"replies":[{"embeddable":true,"href":"https:\/\/webciudadana.net\/index.php?rest_route=%2Fwp%2Fv2%2Fcomments&post=51333"}],"version-history":[{"count":0,"href":"https:\/\/webciudadana.net\/index.php?rest_route=\/wp\/v2\/posts\/51333\/revisions"}],"wp:attachment":[{"href":"https:\/\/webciudadana.net\/index.php?rest_route=%2Fwp%2Fv2%2Fmedia&parent=51333"}],"wp:term":[{"taxonomy":"category","embeddable":true,"href":"https:\/\/webciudadana.net\/index.php?rest_route=%2Fwp%2Fv2%2Fcategories&post=51333"},{"taxonomy":"post_tag","embeddable":true,"href":"https:\/\/webciudadana.net\/index.php?rest_route=%2Fwp%2Fv2%2Ftags&post=51333"}],"curies":[{"name":"wp","href":"https:\/\/api.w.org\/{rel}","templated":true}]}}