{"id":51334,"date":"2024-03-20T12:14:43","date_gmt":"2024-03-20T11:14:43","guid":{"rendered":"https:\/\/ticker-noticiasep.microcontenidos.com\/NoticiaRSS.vbhtml?user=XRNR562DLR&amp;cod=20240320121443"},"modified":"2024-03-20T12:14:43","modified_gmt":"2024-03-20T11:14:43","slug":"foment-del-treball-y-arrels-fundacio-impulsaran-la-integracion-laboral-de-personas-sin-hogar","status":"publish","type":"post","link":"https:\/\/webciudadana.net\/?p=51334","title":{"rendered":"Foment del Treball y Arrels Fundaci\u00f3 impulsar\u00e1n la integraci\u00f3n laboral de personas sin hogar"},"content":{"rendered":"\n<div><img decoding=\"async\" src=\"\/wp-content\/uploads\/sites\/2\/2024\/03\/foment-del-treball-y-arrels-fundacio-impulsaran-la-integracion-laboral-de-personas-sin-hogar.jpg\" class=\"ff-og-image-inserted\"><\/div>\n<p> BARCELONA, 20 (EUROPA PRESS)<\/p>\n<p> El secretario general de Foment del Treball, David Tornos, y el director de Arrels Fundaci\u00f3n, Ferran Busquets, han firmado esta semana un convenio de colaboraci\u00f3n para favorecer la integraci\u00f3n social y laboral de personas sin hogar, ha explicado la patronal en un comunicado este lunes.<\/p>\n<p> La iniciativa pretende \u00absensibilizar e involucrar\u00bb a las empresas asociadas a la patronal en las acciones de la fundaci\u00f3n y en sus necesidades.<\/p>\n<p> Ambas entidades han mostrado su compromiso para \u00abtrabajar conjuntamente en esta causa\u00bb y ser, textualmente, un ejemplo de solidaridad y responsabilidad social empresarial.<\/p>\n","protected":false},"excerpt":{"rendered":"<p>BARCELONA, 20 (EUROPA PRESS) El secretario general de Foment del Treball, David Tornos, y el director de Arrels Fundaci\u00f3n, Ferran Busquets, han firmado esta semana un convenio de colaboraci\u00f3n para favorecer la integraci\u00f3n social y laboral de personas sin hogar, ha explicado la patronal en un comunicado este lunes. La iniciativa pretende \u00absensibilizar e involucrar\u00bb [&hellip;]<\/p>\n","protected":false},"author":1,"featured_media":0,"comment_status":"closed","ping_status":"closed","sticky":false,"template":"","format":"standard","meta":{"footnotes":""},"categories":[],"tags":[],"class_list":["post-51334","post","type-post","status-publish","format-standard","hentry"],"_links":{"self":[{"href":"https:\/\/webciudadana.net\/index.php?rest_route=\/wp\/v2\/posts\/51334","targetHints":{"allow":["GET"]}}],"collection":[{"href":"https:\/\/webciudadana.net\/index.php?rest_route=\/wp\/v2\/posts"}],"about":[{"href":"https:\/\/webciudadana.net\/index.php?rest_route=\/wp\/v2\/types\/post"}],"author":[{"embeddable":true,"href":"https:\/\/webciudadana.net\/index.php?rest_route=\/wp\/v2\/users\/1"}],"replies":[{"embeddable":true,"href":"https:\/\/webciudadana.net\/index.php?rest_route=%2Fwp%2Fv2%2Fcomments&post=51334"}],"version-history":[{"count":0,"href":"https:\/\/webciudadana.net\/index.php?rest_route=\/wp\/v2\/posts\/51334\/revisions"}],"wp:attachment":[{"href":"https:\/\/webciudadana.net\/index.php?rest_route=%2Fwp%2Fv2%2Fmedia&parent=51334"}],"wp:term":[{"taxonomy":"category","embeddable":true,"href":"https:\/\/webciudadana.net\/index.php?rest_route=%2Fwp%2Fv2%2Fcategories&post=51334"},{"taxonomy":"post_tag","embeddable":true,"href":"https:\/\/webciudadana.net\/index.php?rest_route=%2Fwp%2Fv2%2Ftags&post=51334"}],"curies":[{"name":"wp","href":"https:\/\/api.w.org\/{rel}","templated":true}]}}