{"id":51339,"date":"2024-03-20T13:13:42","date_gmt":"2024-03-20T12:13:42","guid":{"rendered":"https:\/\/ticker-noticiasep.microcontenidos.com\/NoticiaRSS.vbhtml?user=XRNR562DLR&amp;cod=20240320131342"},"modified":"2024-03-20T13:13:42","modified_gmt":"2024-03-20T12:13:42","slug":"foro-de-la-economia-del-agua-pide-crear-conciencia-por-la-gestion-sostenible-de-este-recurso-ante-desastres-hidricos","status":"publish","type":"post","link":"https:\/\/webciudadana.net\/?p=51339","title":{"rendered":"Foro de la Econom\u00eda del Agua pide crear \u00abconciencia\u00bb por \u00abla gesti\u00f3n sostenible\u00bb de este recurso ante desastres h\u00eddricos"},"content":{"rendered":"\n<div><img decoding=\"async\" src=\"\/wp-content\/uploads\/sites\/2\/2024\/03\/foro-de-la-economia-del-agua-pide-crear-conciencia-por-la-gestion-sostenible-de-este-recurso-ante-desastres-hidricos.jpg\" class=\"ff-og-image-inserted\"><\/div>\n<p>Alerta de un escenario clim\u00e1tico donde las sequ\u00edas e inundaciones \u00abganan protagonismo\u00bb, sin olvidar el contexto geopol\u00edtico \u00abtensionado\u00bb <\/p>\n<p> MADRID, 20 (EUROPA PRESS)<\/p>\n<p> El Foro de la Econom\u00eda del Agua ha pedido crear \u00abconciencia\u00bb por \u00abla gesti\u00f3n sostenible\u00bb de este recurso ante el escenario clim\u00e1tico actual, al tiempo que ha pedido que el agua \u00abno sea s\u00f3lo un recurso por el que se compite, sino un derecho humano, intr\u00ednseco a todos los aspectos de la vida\u00bb, con motivo del D\u00eda Mundial del Agua, que se celebra cada 22 de marzo, que se celebra este a\u00f1o con el lema &#8216;Agua para la Paz&#8217;.<\/p>\n<p> As\u00ed, el presidente del Foro de la Econom\u00eda del Agua, Francisco Lombardo, ha puesto en relieve la importancia de celebrar este D\u00eda Mundial en un contexto geopol\u00edtico \u00abtan tensionado como el actual\u00bb y marcado por un \u00abun escenario clim\u00e1tico en el que los desastres h\u00eddricos en forma de sequ\u00edas e inundaciones ganan protagonismo\u00bb.<\/p>\n<p> Por ello ha defendido la importancia de \u00abcrear conciencia sobre las formas en que el mundo puede unirse en torno a la gesti\u00f3n sostenible del agua como una forma de prevenir disputas y colaborar en desaf\u00edos compartidos\u00bb.<\/p>\n<p> En cuanto a los desaf\u00edos, el Foro de la Econom\u00eda del Agua ha destacado que la colaboraci\u00f3n debe enfocarse en incrementar las inversiones en materia h\u00eddrica \u00abpara optimizar la gesti\u00f3n del agua y garantizar su acceso en cantidad y calidad suficiente para todos\u00bb mientras que la cooperaci\u00f3n \u00abdebe fomentar la b\u00fasqueda de fuentes alternativas de agua que aumenten la disponibilidad del recurso\u00bb.<\/p>\n<p> Seg\u00fan datos del Pacific Institute, los conflictos por el agua se han duplicado en la \u00faltima d\u00e9cada en comparaci\u00f3n con d\u00e9cadas anteriores, donde agua puede actuar como un acelerador cuando se combina con otros problemas, como la pobreza, la desigualdad y el hambre.<\/p>\n<p> Un reciente estudio de UNICEF, realizado en 16 naciones para averiguar c\u00f3mo los suministros de agua afectan a los ni\u00f1os atrapados en emergencias, muestra que los ni\u00f1os menores de cinco a\u00f1os tienen en promedio m\u00e1s de 20 veces m\u00e1s probabilidades de morir por enfermedades relacionadas con el agua insegura y el mal saneamiento que por las armas del conflicto.<\/p>\n<p>\nESPA\u00d1A Y PORTUGAL, UN CASO DE \u00c9XITO EN COOPERACI\u00d3N H\u00cdDRICA<\/p>\n<p> Seg\u00fan ONU Agua, las aguas transfronterizas representan el 60% de los flujos de agua dulce del mundo. En concreto, 153 pa\u00edses tienen territorio dentro de al menos una de las 310 cuencas fluviales y lacustres transfronterizas y 468 sistemas acu\u00edferos transfronterizos inventariados.<\/p>\n<p> A modo de ejemplo, se cita el Convenio de Albufeira como \u00abejemplo claro de \u00e9xito en materia de cooperaci\u00f3n\u00bb, un acuerdo que regula la gesti\u00f3n de los cinco r\u00edos que comparten Espa\u00f1a y Portugal &#8211;Mi\u00f1o, Limia, Duero, Tajo y Guadiana&#8211; \u00abfavoreciendo adem\u00e1s el aprovechamiento sostenible y coordinado de sus aguas\u00bb.<\/p>\n<p> El acuerdo, como ha destacado el director acad\u00e9mico del Foro de la Econom\u00eda del Agua, Estanislao Arana, \u00abha sabido evolucionar a lo largo de los tiempos y de la realidad clim\u00e1tica, siendo, a d\u00eda de hoy, pionero en la apertura a enfoques distintos de los modelos tradicionales basados en cuestiones econ\u00f3micas y de explotaci\u00f3n\u00bb.<\/p>\n<p> Como ha enfatizado, con este convenio, \u00abpor primera vez la protecci\u00f3n medioambiental y la gesti\u00f3n sostenible de los recursos h\u00eddricos y los ecosistemas dependientes han sido el objetivo fundamental de relaciones convencionales\u00bb.<\/p>\n","protected":false},"excerpt":{"rendered":"<p>Alerta de un escenario clim\u00e1tico donde las sequ\u00edas e inundaciones \u00abganan protagonismo\u00bb, sin olvidar el contexto geopol\u00edtico \u00abtensionado\u00bb MADRID, 20 (EUROPA PRESS) El Foro de la Econom\u00eda del Agua ha pedido crear \u00abconciencia\u00bb por \u00abla gesti\u00f3n sostenible\u00bb de este recurso ante el escenario clim\u00e1tico actual, al tiempo que ha pedido que el agua \u00abno sea [&hellip;]<\/p>\n","protected":false},"author":1,"featured_media":0,"comment_status":"closed","ping_status":"closed","sticky":false,"template":"","format":"standard","meta":{"footnotes":""},"categories":[],"tags":[],"class_list":["post-51339","post","type-post","status-publish","format-standard","hentry"],"_links":{"self":[{"href":"https:\/\/webciudadana.net\/index.php?rest_route=\/wp\/v2\/posts\/51339","targetHints":{"allow":["GET"]}}],"collection":[{"href":"https:\/\/webciudadana.net\/index.php?rest_route=\/wp\/v2\/posts"}],"about":[{"href":"https:\/\/webciudadana.net\/index.php?rest_route=\/wp\/v2\/types\/post"}],"author":[{"embeddable":true,"href":"https:\/\/webciudadana.net\/index.php?rest_route=\/wp\/v2\/users\/1"}],"replies":[{"embeddable":true,"href":"https:\/\/webciudadana.net\/index.php?rest_route=%2Fwp%2Fv2%2Fcomments&post=51339"}],"version-history":[{"count":0,"href":"https:\/\/webciudadana.net\/index.php?rest_route=\/wp\/v2\/posts\/51339\/revisions"}],"wp:attachment":[{"href":"https:\/\/webciudadana.net\/index.php?rest_route=%2Fwp%2Fv2%2Fmedia&parent=51339"}],"wp:term":[{"taxonomy":"category","embeddable":true,"href":"https:\/\/webciudadana.net\/index.php?rest_route=%2Fwp%2Fv2%2Fcategories&post=51339"},{"taxonomy":"post_tag","embeddable":true,"href":"https:\/\/webciudadana.net\/index.php?rest_route=%2Fwp%2Fv2%2Ftags&post=51339"}],"curies":[{"name":"wp","href":"https:\/\/api.w.org\/{rel}","templated":true}]}}